{"id":5994,"date":"2019-11-22T21:29:16","date_gmt":"2019-11-23T03:29:16","guid":{"rendered":"http:\/\/www.zonaroja.com.mx\/?p=5994"},"modified":"2019-11-22T21:29:19","modified_gmt":"2019-11-23T03:29:19","slug":"necesaria-e-impostergable-reforma-al-sistema-de-pensiones-y-jubilaciones-en-uabjo","status":"publish","type":"post","link":"https:\/\/zonaroja.com.mx\/?p=5994","title":{"rendered":"Necesaria e impostergable, reforma al Sistema de Pensiones y Jubilaciones en UABJO"},"content":{"rendered":"\n<p>Redacci\u00f3n\/Zona Roja. <\/p>\n\n\n\n<p>Oaxaca de Ju\u00e1rez, Oax., 22 de noviembre\nde 2019.- El rector de la Universidad Aut\u00f3noma \u201cBenito Ju\u00e1rez\u201d de Oaxaca\n(UABJO), Eduardo Bautista Mart\u00ednez, consider\u00f3 que es necesaria e impostergable\nla reforma al Sistema de Pensiones y Jubilaciones en la m\u00e1xima casa de estudios.<\/p>\n\n\n\n<p>Ello, \u201ctoda vez que somos la \u00fanica\ninstituci\u00f3n con el r\u00e9gimen anterior, situaci\u00f3n que afecta gravemente nuestras\nactividades sustantivas\u201d, expuso en un comunicado. <\/p>\n\n\n\n<p>A\u00f1adi\u00f3 que lo anterior se puso de\nmanifiesto al presentar un informe puntual de los trabajos de gesti\u00f3n\nemprendidos desde el inicio de su administraci\u00f3n, para la actualizaci\u00f3n del\nSistema de Pensiones y Jubilaciones.<\/p>\n\n\n\n<p>En dicho punto abordado en la orden del\nd\u00eda de la Sesi\u00f3n Extraordinaria del Honorable Consejo Universitario, celebrada\nel viernes pasado, invit\u00f3 a las bases trabajadoras a seguir construyendo\nconsensos y asumir la responsabilidad compartida respecto a la reforma, pero\nsobre todo a valorar la fuente laboral.<\/p>\n\n\n\n<p>En el pleno del \u00f3rgano colegiado, el\nrector dijo que se trata de un tema de sobrevivencia y de viabilidad econ\u00f3mica.<\/p>\n\n\n\n<p>Explic\u00f3 que los trabajos iniciados en\n2016, consistieron en la realizaci\u00f3n de estudios actuariales y para ello se\nestableci\u00f3 la coordinaci\u00f3n institucional con las \u00e1reas de Contralor\u00eda General,\nOficina del Abogado General y la representaci\u00f3n de Valuaciones Actuariales del\nNorte S.C.<\/p>\n\n\n\n<p>Agreg\u00f3 que durante el ejercicio 2017 se\nrealizaron talleres, conferencias, capacitaciones y disertaciones con la\nasistencia de diversas instituciones federales.<\/p>\n\n\n\n<p>Y para 2018, se generaron diversas\nreuniones con el prop\u00f3sito de socializar el proyecto de reglamento de Pensiones\ny Jubilaciones para la UABJO, con todas las Dirigencias Sindicales, lo que\npermiti\u00f3 explicar el alcance y las condiciones t\u00e9cnicas de lo propuesto por\nValuaciones Actuariales S.C.<\/p>\n\n\n\n<p>En el presente ejercicio 2019, se\nrealizaron 24 reuniones con representantes de los seis sindicatos, a trav\u00e9s de\nasambleas generales y plenarias con los Comit\u00e9s Ejecutivos o Consejos Pol\u00edticos\nde conformidad con los lineamientos internos, recibidos en esta etapa las\nobservaciones y propuestas.<\/p>\n\n\n\n<p>El doctor Eduardo Bautista sostuvo que\nel proyecto de reglamento, permitir\u00eda despresurizar el gasto en el futuro\npr\u00f3ximo y dar\u00eda viabilidad financiera a las prestaciones presentes y futuras,\nen la l\u00ednea de salvaguardar los derechos y prestaciones actuales, suscritas en\nlos Contratos Colectivos de Trabajo.<\/p>\n\n\n\n<p>\u201cLas actividades de gesti\u00f3n no han\nterminado, contin\u00faa la emisi\u00f3n de valoraciones, es por eso que he entregado a\nla Secretaria Fedataria de este Consejo, maestra Leticia Mendoza Toro, las\nevidencias emprendidas y referidas aqu\u00ed\u201d, concluy\u00f3.<\/p>\n","protected":false},"excerpt":{"rendered":"<p>Redacci\u00f3n\/Zona Roja. Oaxaca de Ju\u00e1rez, Oax., 22 de noviembre de 2019.- El rector de la&hellip;<\/p>\n","protected":false},"author":2,"featured_media":5995,"comment_status":"closed","ping_status":"open","sticky":false,"template":"","format":"standard","meta":{"_lmt_disableupdate":"","_lmt_disable":"","_jetpack_memberships_contains_paid_content":false,"footnotes":""},"categories":[109,47],"tags":[360,282],"class_list":["post-5994","post","type-post","status-publish","format-standard","has-post-thumbnail","hentry","category-minuto-a-minuto","category-zona-gris","tag-rector-eduardo-bautista-martinez","tag-universidad-autonoma-benito-juarez-de-oaxaca"],"jetpack_featured_media_url":"https:\/\/zonaroja.com.mx\/wp-content\/uploads\/2019\/11\/3-2.jpg","jetpack_sharing_enabled":true,"_links":{"self":[{"href":"https:\/\/zonaroja.com.mx\/index.php?rest_route=\/wp\/v2\/posts\/5994","targetHints":{"allow":["GET"]}}],"collection":[{"href":"https:\/\/zonaroja.com.mx\/index.php?rest_route=\/wp\/v2\/posts"}],"about":[{"href":"https:\/\/zonaroja.com.mx\/index.php?rest_route=\/wp\/v2\/types\/post"}],"author":[{"embeddable":true,"href":"https:\/\/zonaroja.com.mx\/index.php?rest_route=\/wp\/v2\/users\/2"}],"replies":[{"embeddable":true,"href":"https:\/\/zonaroja.com.mx\/index.php?rest_route=%2Fwp%2Fv2%2Fcomments&post=5994"}],"version-history":[{"count":1,"href":"https:\/\/zonaroja.com.mx\/index.php?rest_route=\/wp\/v2\/posts\/5994\/revisions"}],"predecessor-version":[{"id":5996,"href":"https:\/\/zonaroja.com.mx\/index.php?rest_route=\/wp\/v2\/posts\/5994\/revisions\/5996"}],"wp:featuredmedia":[{"embeddable":true,"href":"https:\/\/zonaroja.com.mx\/index.php?rest_route=\/wp\/v2\/media\/5995"}],"wp:attachment":[{"href":"https:\/\/zonaroja.com.mx\/index.php?rest_route=%2Fwp%2Fv2%2Fmedia&parent=5994"}],"wp:term":[{"taxonomy":"category","embeddable":true,"href":"https:\/\/zonaroja.com.mx\/index.php?rest_route=%2Fwp%2Fv2%2Fcategories&post=5994"},{"taxonomy":"post_tag","embeddable":true,"href":"https:\/\/zonaroja.com.mx\/index.php?rest_route=%2Fwp%2Fv2%2Ftags&post=5994"}],"curies":[{"name":"wp","href":"https:\/\/api.w.org\/{rel}","templated":true}]}}