{"id":59941,"date":"2023-09-16T17:53:00","date_gmt":"2023-09-16T22:53:00","guid":{"rendered":"http:\/\/www.zonaroja.com.mx\/?p=59941"},"modified":"2023-09-16T09:07:20","modified_gmt":"2023-09-16T14:07:20","slug":"presenta-el-inpi-resurgimiento-de-la-revista-mexico-indigena","status":"publish","type":"post","link":"https:\/\/zonaroja.com.mx\/?p=59941","title":{"rendered":"Presenta el INPI resurgimiento de la revista \u201cM\u00e9xico Ind\u00edgena\u201d"},"content":{"rendered":"\n<p>Redacci\u00f3n\/Zona Roja Cdmx.<\/p>\n\n\n\n<p>Ciudad de M\u00e9xico, a 16 de septiembre de 2023.- Con el objetivo de mostrar la grandeza cultural y la viva presencia de los pueblos ind\u00edgenas y afromexicano, y como un instrumento de comunicaci\u00f3n al servicio de los pueblos para expresar su palabra y su pensamiento y un puente de entendimiento y respeto con el conjunto de la sociedad mexicana, la revista \u201cM\u00e9xico Ind\u00edgena\u201d abre una nueva p\u00e1gina en su historia.<\/p>\n\n\n\n<p>Al presidir la presentaci\u00f3n, el director general del Instituto Nacional de los Pueblos Ind\u00edgenas (INPI), Adelfo Regino Montes, se\u00f1al\u00f3 que la revista tambi\u00e9n debe ser un medio de comunicaci\u00f3n de los pueblos para dar testimonio del actual proceso de transformaci\u00f3n nacional.<\/p>\n\n\n\n<p>En el marco del 16 aniversario de la Declaraci\u00f3n de las Naciones Unidas sobre los Derechos de los Pueblos Ind\u00edgenas, en donde fue recordado el antrop\u00f3logo Rodolfo Stavenhagen por sus contribuciones a este instrumento internacional, el director del INPI record\u00f3 que fue en 1953 cuando el Instituto Nacional Indigenista (INI) cre\u00f3 el bolet\u00edn Acci\u00f3n Indigenista con la finalidad de comunicar y reflexionar sobre la cuesti\u00f3n ind\u00edgena.<\/p>\n\n\n\n<p>Posteriormente, en abril de 1977, se convirti\u00f3 en la revista \u201cM\u00e9xico Ind\u00edgena\u201d, &nbsp;en la que escribieron destacados intelectuales, antrop\u00f3logos y literatos que dejaron una profunda huella, como Juan Rulfo, Guillermo Bonfil, Miguel Le\u00f3n Portilla, Salom\u00f3n Nahmad, H\u00e9ctor D\u00edaz Polanco, Carlos Montemayor, Floriberto D\u00edaz, Alfredo L\u00f3pez-Austin, entre otros.<\/p>\n\n\n\n<p>Adelfo Regino asever\u00f3 que hoy \u201cestamos sembrando ma\u00edz y frijol en la milpa, deseando larga vida a la revista, que, aunque cambien los gobiernos, aunque haya pensamientos distintos, se mantenga este espacio desde la diversidad de ideas y de pensamientos, desde la diversidad que somos como pueblos y comunidades\u201d.<\/p>\n\n\n\n<p>PARA REFLEXIONAR Y DISCUTIR<\/p>\n\n\n\n<p>Por su parte, el antrop\u00f3logo, investigador e integrante del consejo editorial de la revista, Salom\u00f3n Nahmad y Sitt\u00f3n se\u00f1al\u00f3 que M\u00e9xico Ind\u00edgena es un espacio para reflexionar, discutir y analizar la vida de los pueblos y comunidades ind\u00edgenas que conduce a un di\u00e1logo y a una constante acci\u00f3n social, pol\u00edtica y econ\u00f3mica a favor de cada comunidad ind\u00edgena de M\u00e9xico.<\/p>\n\n\n\n<p>\u201cUna revista para seguir informando al pueblo con la objetividad y principios que rigen la pol\u00edtica a favor de los pueblos ind\u00edgenas que indiscutiblemente se consolid\u00f3 en el periodo del presidente Andr\u00e9s Manuel L\u00f3pez Obrador\u201d, agreg\u00f3.<\/p>\n\n\n\n<p>Al acompa\u00f1ar la presentaci\u00f3n del primer n\u00famero de esta nueva \u00e9poca de la revista, el escritor y tambi\u00e9n integrante del consejo editorial, Mardonio Carballo, se\u00f1al\u00f3 que encontrar un instrumento donde la palabra sea la materia prima es digno de celebrarse.<\/p>\n\n\n\n<p>Agreg\u00f3, que, a los pueblos ind\u00edgenas se les reconoce como gente que pondera la palabra, por ello, hay que fortalecer la palabra, dotarla de compromisos.<\/p>\n\n\n\n<p>Dijo que la palabra y la reflexi\u00f3n tienen que rescatar la alegr\u00eda, \u201cporque vemos mucho enojo, llanto, y, \u00bfd\u00f3nde est\u00e1 la alegr\u00eda?\u00bfd\u00f3nde est\u00e1 esa maravilla que nos ha hecho resistir? \u00bfd\u00f3nde est\u00e1 la fiesta constante? Porque si algo sabemos los pueblos ind\u00edgenas es festejar la vida.<\/p>\n\n\n\n<p>A\u00f1adi\u00f3 tambi\u00e9n que hay que rescatar la huella institucional \u201cque han hecho un cauce, ciertas rutas que hay que saber utilizar, porque de pronto denostamos cuando estamos en la sociedad civil, porque de pronto parece que no se ha hecho nada, y no, yo creo que hay mucha gente que ha dado su vida en las instituciones de gobierno\u201d.<\/p>\n\n\n\n<p>TRANSMITIR REALIDADES<\/p>\n\n\n\n<p>En tanto, Josefina Bravo Rangel comisionada para el Di\u00e1logo con los Pueblos Ind\u00edgenas de M\u00e9xico, tambi\u00e9n integrante del Consejo editorial, se\u00f1al\u00f3 que es importante que como primer n\u00famero de esta revista \u201cM\u00e9xico Ind\u00edgena\u201d, pueda se\u00f1alarse el trabajo que han desarrollado a trav\u00e9s del INPI.<\/p>\n\n\n\n<p>Que se aborden los temas, la metodolog\u00eda y l\u00edneas de trabajo del Instituto y de las acciones del gobierno de M\u00e9xico en la materia, pero sobre \u201cM\u00e9xico Ind\u00edgena\u201d tiene como sujeto especial de atenci\u00f3n a los pueblos ind\u00edgenas y afromexicano para que puedan transmitir sus realidades y sentimientos, y posicionar sus reivindicaciones.<\/p>\n\n\n\n<p>En tanto, Claudia Morales Reza a\u00f1adi\u00f3 que \u201cM\u00e9xico Ind\u00edgena\u201d refleja no s\u00f3lo la esencia del INPI sino del gobierno de M\u00e9xico, esa relaci\u00f3n horizontal entre la instituci\u00f3n y las comunidades ind\u00edgenas y afromexicanos, \u201cno como antes, que era la instituci\u00f3n que serv\u00eda para impulsar el desarrollo, como si las personas ind\u00edgenas y afromexicanas no tuvieran la capacidad de crear su propio desarrollo\u201d.<\/p>\n\n\n\n<p>\u201cLa revista es el nacimiento de una semilla, que ir\u00e1 creciendo conforme vayamos escribiendo las palabras y vayamos reviviendo esas actividades que se hacen en campo que, sin duda, es un camino hacia una igualdad sustantiva atendido con pertinencia cultural\u201d, finaliz\u00f3.<\/p>\n\n\n\n<p>Cabe mencionar que el consejo editorial de la revista est\u00e1 integrado por Jes\u00fas Ram\u00edrez Cuevas; Josefina Elizabeth Bravo Rangel; Fidencio Brice\u00f1o Chel; Mardonio Carballo; Yaneth del Rosario Cruz G\u00f3mez; H\u00e9ctor D\u00edaz Polanco; Marcos Mat\u00edas Alonso; Claudia Olivia Morales Reza; Salom\u00f3n Nahmad y Sitt\u00f3n; Larisa Ortiz Quintero; Patricia Ram\u00edrez Baz\u00e1n; Aurelia Rivas Valencia y Cris\u00f3foro Valenzuela Ahumad y como director de M\u00e9xico Ind\u00edgena, Gustavo Torres Cisneros, coordinador general de Patrimonio Cultural y Educaci\u00f3n Ind\u00edgena del INPI.<\/p>\n","protected":false},"excerpt":{"rendered":"<p>Redacci\u00f3n\/Zona Roja Cdmx. Ciudad de M\u00e9xico, a 16 de septiembre de 2023.- Con el objetivo&hellip;<\/p>\n","protected":false},"author":2,"featured_media":59942,"comment_status":"closed","ping_status":"open","sticky":false,"template":"","format":"standard","meta":{"_lmt_disableupdate":"","_lmt_disable":"","_jetpack_memberships_contains_paid_content":false,"footnotes":""},"categories":[109,47],"tags":[557],"class_list":["post-59941","post","type-post","status-publish","format-standard","has-post-thumbnail","hentry","category-minuto-a-minuto","category-zona-gris","tag-adelfo-regino-montes"],"jetpack_featured_media_url":"https:\/\/zonaroja.com.mx\/wp-content\/uploads\/2023\/09\/Adelfo-Regino.jpg","jetpack_sharing_enabled":true,"_links":{"self":[{"href":"https:\/\/zonaroja.com.mx\/index.php?rest_route=\/wp\/v2\/posts\/59941","targetHints":{"allow":["GET"]}}],"collection":[{"href":"https:\/\/zonaroja.com.mx\/index.php?rest_route=\/wp\/v2\/posts"}],"about":[{"href":"https:\/\/zonaroja.com.mx\/index.php?rest_route=\/wp\/v2\/types\/post"}],"author":[{"embeddable":true,"href":"https:\/\/zonaroja.com.mx\/index.php?rest_route=\/wp\/v2\/users\/2"}],"replies":[{"embeddable":true,"href":"https:\/\/zonaroja.com.mx\/index.php?rest_route=%2Fwp%2Fv2%2Fcomments&post=59941"}],"version-history":[{"count":1,"href":"https:\/\/zonaroja.com.mx\/index.php?rest_route=\/wp\/v2\/posts\/59941\/revisions"}],"predecessor-version":[{"id":59943,"href":"https:\/\/zonaroja.com.mx\/index.php?rest_route=\/wp\/v2\/posts\/59941\/revisions\/59943"}],"wp:featuredmedia":[{"embeddable":true,"href":"https:\/\/zonaroja.com.mx\/index.php?rest_route=\/wp\/v2\/media\/59942"}],"wp:attachment":[{"href":"https:\/\/zonaroja.com.mx\/index.php?rest_route=%2Fwp%2Fv2%2Fmedia&parent=59941"}],"wp:term":[{"taxonomy":"category","embeddable":true,"href":"https:\/\/zonaroja.com.mx\/index.php?rest_route=%2Fwp%2Fv2%2Fcategories&post=59941"},{"taxonomy":"post_tag","embeddable":true,"href":"https:\/\/zonaroja.com.mx\/index.php?rest_route=%2Fwp%2Fv2%2Ftags&post=59941"}],"curies":[{"name":"wp","href":"https:\/\/api.w.org\/{rel}","templated":true}]}}