{"id":59946,"date":"2023-09-16T17:32:04","date_gmt":"2023-09-16T22:32:04","guid":{"rendered":"http:\/\/www.zonaroja.com.mx\/?p=59946"},"modified":"2023-09-16T17:32:06","modified_gmt":"2023-09-16T22:32:06","slug":"en-fiestas-patrias-alumnos-de-la-utvco-exigen-renuncia-de-rectora-tania-lopez","status":"publish","type":"post","link":"https:\/\/zonaroja.com.mx\/?p=59946","title":{"rendered":"En fiestas patrias, alumnos de la UTVCO exigen renuncia de rectora Tania L\u00f3pez"},"content":{"rendered":"\n<p>Ismael Garc\u00eda M.\/Zona Roja.<\/p>\n\n\n\n<p>Oaxaca de Ju\u00e1rez, Oax., a 16 de septiembre de 2023.- Alumnos de la Universidad Tecnol\u00f3gica de los Valles Centrales de Oaxaca (UTVCO) protestaron hoy en la capital del estado, para exigir la renuncia de la rectora Tania L\u00f3pez L\u00f3pez.<\/p>\n\n\n\n<p>Desde temprana hora se instalaron en el parque \u201cEl Llano\u201d, con cartulinas en mano, donde efectuaron su manifestaci\u00f3n pac\u00edfica, a dos semanas que fue despedido un grupo de trabajadores y docentes, de quienes piden su reinstalaci\u00f3n.<\/p>\n\n\n\n<p>Minutos antes del tradicional desfile por el inicio de la Independencia de M\u00e9xico y a unos pasos donde el mandatario Salom\u00f3n Jara Cruz encabez\u00f3 una ceremonia c\u00edvica, denunciaron que Tania L\u00f3pez no tiene capacidad ni el perfil para encabezar la instituci\u00f3n.<\/p>\n\n\n\n<p>Pero adem\u00e1s, demandaron una auditor\u00eda a la instituci\u00f3n educativa, que se ubica en el municipio de San Pablo Huixtepec, y recriminaron que el esposo de la rectora, Alejandro L\u00f3pez Jarqu\u00edn, utilice tambi\u00e9n los recursos materiales de la UTVCO, pese a que es director del Instituto Oaxaque\u00f1o Constructor de Infraestructura.<\/p>\n\n\n\n<p>\u201cNo hemos sido escuchados, ni desde antes que se suscitara el enfrentamiento, el 7 de septiembre, en nuestra Universidad, donde fuimos violentados por un grupo que ven\u00eda acompa\u00f1ando a la m\u00e9dico Tania L\u00f3pez.<\/p>\n\n\n\n<p>\u201cDesde d\u00edas anteriores, han dicho que estamos con ellos, que los maestros nos est\u00e1n manipulando, pero no hay ning\u00fan maestro en este movimiento; todos somos estudiantes ya respaldados por los padres de familia; es independiente de eso.<\/p>\n\n\n\n<p>\u201cSin embargo, la causa de esto (incluyendo el despido de profesores) es la incompetencia y la ineficiencia que se tiene para manejar nuestra casa de estudios\u201d, expusieron durante una conferencia de prensa hoy.<\/p>\n\n\n\n<p>Tras ello fueron atendidos por la Secretar\u00eda de Gobierno a fin de escuchar sus demandas y buscar una soluci\u00f3n; \u201cya estamos cansados que seamos ignorados, desde que inici\u00f3 este movimiento y este movimiento no es de ayer\u201d, indicaron los alumnos.<\/p>\n","protected":false},"excerpt":{"rendered":"<p>Ismael Garc\u00eda M.\/Zona Roja. Oaxaca de Ju\u00e1rez, Oax., a 16 de septiembre de 2023.- Alumnos&hellip;<\/p>\n","protected":false},"author":2,"featured_media":59947,"comment_status":"closed","ping_status":"open","sticky":false,"template":"","format":"standard","meta":{"_lmt_disableupdate":"","_lmt_disable":"","_jetpack_memberships_contains_paid_content":false,"footnotes":""},"categories":[109,47],"tags":[3663],"class_list":["post-59946","post","type-post","status-publish","format-standard","has-post-thumbnail","hentry","category-minuto-a-minuto","category-zona-gris","tag-universidad-tecnologica-de-los-valles-centrales-utvco"],"jetpack_featured_media_url":"https:\/\/zonaroja.com.mx\/wp-content\/uploads\/2023\/09\/Protesta-alumnos-UTVCO-en-Oaxaca.jpg","jetpack_sharing_enabled":true,"_links":{"self":[{"href":"https:\/\/zonaroja.com.mx\/index.php?rest_route=\/wp\/v2\/posts\/59946","targetHints":{"allow":["GET"]}}],"collection":[{"href":"https:\/\/zonaroja.com.mx\/index.php?rest_route=\/wp\/v2\/posts"}],"about":[{"href":"https:\/\/zonaroja.com.mx\/index.php?rest_route=\/wp\/v2\/types\/post"}],"author":[{"embeddable":true,"href":"https:\/\/zonaroja.com.mx\/index.php?rest_route=\/wp\/v2\/users\/2"}],"replies":[{"embeddable":true,"href":"https:\/\/zonaroja.com.mx\/index.php?rest_route=%2Fwp%2Fv2%2Fcomments&post=59946"}],"version-history":[{"count":1,"href":"https:\/\/zonaroja.com.mx\/index.php?rest_route=\/wp\/v2\/posts\/59946\/revisions"}],"predecessor-version":[{"id":59948,"href":"https:\/\/zonaroja.com.mx\/index.php?rest_route=\/wp\/v2\/posts\/59946\/revisions\/59948"}],"wp:featuredmedia":[{"embeddable":true,"href":"https:\/\/zonaroja.com.mx\/index.php?rest_route=\/wp\/v2\/media\/59947"}],"wp:attachment":[{"href":"https:\/\/zonaroja.com.mx\/index.php?rest_route=%2Fwp%2Fv2%2Fmedia&parent=59946"}],"wp:term":[{"taxonomy":"category","embeddable":true,"href":"https:\/\/zonaroja.com.mx\/index.php?rest_route=%2Fwp%2Fv2%2Fcategories&post=59946"},{"taxonomy":"post_tag","embeddable":true,"href":"https:\/\/zonaroja.com.mx\/index.php?rest_route=%2Fwp%2Fv2%2Ftags&post=59946"}],"curies":[{"name":"wp","href":"https:\/\/api.w.org\/{rel}","templated":true}]}}