{"id":59949,"date":"2023-09-17T08:55:00","date_gmt":"2023-09-17T13:55:00","guid":{"rendered":"http:\/\/www.zonaroja.com.mx\/?p=59949"},"modified":"2023-09-17T08:06:23","modified_gmt":"2023-09-17T13:06:23","slug":"ucrania-reclama-a-amlo-presencia-de-militares-rusos-en-desfile-oposicion-se-une","status":"publish","type":"post","link":"https:\/\/zonaroja.com.mx\/?p=59949","title":{"rendered":"Ucrania reclama a AMLO presencia de militares rusos en Desfile; oposici\u00f3n se une"},"content":{"rendered":"\n<p>Redacci\u00f3n\/Zona Roja Cdmx.<\/p>\n\n\n\n<p>Ciudad de M\u00e9xico, a 17 de septiembre de 2023.- La embajadora de Ucrania en M\u00e9xico, Oksana Dramaretska, reclam\u00f3 al presidente Andr\u00e9s Manuel L\u00f3pez Obrador la presencia de M\u00e9xico del Regimiento Preobrazhenski de la Federaci\u00f3n Rusa en el Desfile C\u00edvico-Militar; luego de ello, voces de la oposici\u00f3n se sumaron al reproche y hasta ofrecieron disculpas en nombre de M\u00e9xico.&nbsp;<\/p>\n\n\n\n<p>La embajadora ucraniana cuestion\u00f3 a AMLO sobre la congruencia de su pol\u00edtica de neutralidad ante el conflicto Rusia-Ucrania, y afirm\u00f3 que la ceremonia conmemorativa del aniversario 213 del inicio de la Independencia de M\u00e9xico, fue \u201cmancillado\u201d por la participaci\u00f3n de un regimiento ruso.<\/p>\n\n\n\n<p>\u201cEl Desfile C\u00edvico Militar en Cdmx, mancillado por la participaci\u00f3n de un regimiento ruso: sus botas y manos de criminales de guerra est\u00e1n manchadas de sangre\u201d, conden\u00f3, para luego cuestionar a AMLO.&nbsp;<\/p>\n\n\n\n<p>\u201c\u00bfC\u00f3mo de coherente es, Sr. L\u00f3pez Obrador, su pol\u00edtica de neutralidad y su condena de la agresi\u00f3n (rusa) contra mi pa\u00eds?\u201d, reclam\u00f3 Oksana Dramaetska.&nbsp;<\/p>\n\n\n\n<p>Al reclamo de la embajadora ucraniana se sumaron voces de la oposici\u00f3n, como es el caso de la senadora Lilly T\u00e9llez, el dirigente nacional del PRI, Alejandro Moreno, y la exsecretaria Rosario Robles.&nbsp;<\/p>\n\n\n\n<p>Lilly T\u00e9llez ofreci\u00f3 una disculpa a Ucrania y a su presidente Volodimir Zelensky por la invitaci\u00f3n que libremente hizo el presidente de la rep\u00fablica a los Ej\u00e9rcitos de los pa\u00edses con que M\u00e9xico guarda buenas relaciones diplom\u00e1ticas. Y a nombre de los mexicanos, reprob\u00f3 la \u201cdictadura asesina\u201d de Vladimir Putin.<\/p>\n\n\n\n<p>\u201cComo senadora de la Rep\u00fablica, ofrezco una disculpa a los ciudadanos de Ucrania y al presidente Zelensky por la invitaci\u00f3n que hizo L\u00f3pez Obrador a Rusia, para que sus militares pisen M\u00e9xico. Los mexicanos reprobamos la dictadura asesina de Putin y apoyamos a Ucrania\u201d, expres\u00f3 Lilly T\u00e9llez, v\u00eda X.&nbsp;<\/p>\n\n\n\n<p>\u201cAlito\u201d Moreno consider\u00f3 que la invitaci\u00f3n al contingente ruso es, seg\u00fan \u00e9l, un insulto y desacierto del Gobierno de M\u00e9xico invitar al regimiento.<\/p>\n\n\n\n<p>\u201cEs un insulto y grave desacierto del Gobierno de M\u00e9xico invitar a un contingente militar de Rusia para participar en el Desfile de nuestra Independencia; abrirles las puertas es avalar su actuar invasor. Las y los mexicanos no podemos permitir estos actos que env\u00edan una lamentable se\u00f1al de respaldo en favor de quienes hoy tienen al pueblo de Ucrania bajo un ataque violento y sangriento\u201d, se\u00f1al\u00f3 \u201cAlito\u201d.<\/p>\n\n\n\n<p>Rosario Robles, exsecretaria de Desarrollo Social, se dijo indignada por la invitaci\u00f3n al Desfile del regimiento del Kremlin ruso y reiter\u00f3 su solidaridad con Ucrania: \u201cMe indigna que en el desfile del 16 de septiembre haya participado un batall\u00f3n del ej\u00e9rcito invasor ruso. Reitero mi solidaridad con el pueblo de Ucrania y mi repudio al gobierno criminal de Putin\u201d.&nbsp;<\/p>\n\n\n\n<p>(Informaci\u00f3n de El Pol\u00edtico Mx)<\/p>\n","protected":false},"excerpt":{"rendered":"<p>Redacci\u00f3n\/Zona Roja Cdmx. Ciudad de M\u00e9xico, a 17 de septiembre de 2023.- La embajadora de&hellip;<\/p>\n","protected":false},"author":2,"featured_media":59950,"comment_status":"closed","ping_status":"open","sticky":false,"template":"","format":"standard","meta":{"_lmt_disableupdate":"","_lmt_disable":"","_jetpack_memberships_contains_paid_content":false,"footnotes":""},"categories":[109,47],"tags":[143],"class_list":["post-59949","post","type-post","status-publish","format-standard","has-post-thumbnail","hentry","category-minuto-a-minuto","category-zona-gris","tag-andres-manuel-lopez-obrador"],"jetpack_featured_media_url":"https:\/\/zonaroja.com.mx\/wp-content\/uploads\/2023\/09\/Desfile-ruso-Independencia-Mexico.jpg","jetpack_sharing_enabled":true,"_links":{"self":[{"href":"https:\/\/zonaroja.com.mx\/index.php?rest_route=\/wp\/v2\/posts\/59949","targetHints":{"allow":["GET"]}}],"collection":[{"href":"https:\/\/zonaroja.com.mx\/index.php?rest_route=\/wp\/v2\/posts"}],"about":[{"href":"https:\/\/zonaroja.com.mx\/index.php?rest_route=\/wp\/v2\/types\/post"}],"author":[{"embeddable":true,"href":"https:\/\/zonaroja.com.mx\/index.php?rest_route=\/wp\/v2\/users\/2"}],"replies":[{"embeddable":true,"href":"https:\/\/zonaroja.com.mx\/index.php?rest_route=%2Fwp%2Fv2%2Fcomments&post=59949"}],"version-history":[{"count":1,"href":"https:\/\/zonaroja.com.mx\/index.php?rest_route=\/wp\/v2\/posts\/59949\/revisions"}],"predecessor-version":[{"id":59951,"href":"https:\/\/zonaroja.com.mx\/index.php?rest_route=\/wp\/v2\/posts\/59949\/revisions\/59951"}],"wp:featuredmedia":[{"embeddable":true,"href":"https:\/\/zonaroja.com.mx\/index.php?rest_route=\/wp\/v2\/media\/59950"}],"wp:attachment":[{"href":"https:\/\/zonaroja.com.mx\/index.php?rest_route=%2Fwp%2Fv2%2Fmedia&parent=59949"}],"wp:term":[{"taxonomy":"category","embeddable":true,"href":"https:\/\/zonaroja.com.mx\/index.php?rest_route=%2Fwp%2Fv2%2Fcategories&post=59949"},{"taxonomy":"post_tag","embeddable":true,"href":"https:\/\/zonaroja.com.mx\/index.php?rest_route=%2Fwp%2Fv2%2Ftags&post=59949"}],"curies":[{"name":"wp","href":"https:\/\/api.w.org\/{rel}","templated":true}]}}