{"id":59953,"date":"2023-09-17T11:00:00","date_gmt":"2023-09-17T16:00:00","guid":{"rendered":"http:\/\/www.zonaroja.com.mx\/?p=59953"},"modified":"2023-09-17T08:17:35","modified_gmt":"2023-09-17T13:17:35","slug":"cae-avioneta-en-la-amazonia-y-mueren-14-personas","status":"publish","type":"post","link":"https:\/\/zonaroja.com.mx\/?p=59953","title":{"rendered":"Cae avioneta en la Amazonia y mueren 14 personas"},"content":{"rendered":"\n<p>Redacci\u00f3n\/Zona Roja Cdmx.<\/p>\n\n\n\n<p>Ciudad de M\u00e9xico, a 17 de septiembre de 2023.- Una avioneta cay\u00f3&nbsp;en medio de la selva amaz\u00f3nica brasile\u00f1a y las autoridades confirmaron la muerte de las 14 personas que estaban a bordo, todas de nacionalidad brasile\u00f1a pese a que se lleg\u00f3 a sospechar que hab\u00eda estadunidenses entre las v\u00edctimas.<\/p>\n\n\n\n<p>El avi\u00f3n, un Embraer EMB-110 Bandeirante turboh\u00e9lice, hab\u00eda partido de Manaus, capital del estado Amazonas, rumbo a Barcelos, a unos 400 kil\u00f3metros, donde los turistas hab\u00edan contratado un paseo de pesca, pero se estrell\u00f3 poco antes del aterrizaje en medio de las fuertes lluvias que ca\u00edan este s\u00e1bado sobre esa remota regi\u00f3n selv\u00e1tica, seg\u00fan informaron fuentes oficiales.<\/p>\n\n\n\n<p>El alcalde de Barcelos, Edson Mendes, confirm\u00f3 que en la avioneta viajaban catorce personas, dos de las cuales eran tripulantes de la avioneta, y que no ha habido sobrevivientes.<\/p>\n\n\n\n<p>El gobernador del estado de Amazonas, Wilson Lima, inform\u00f3 por su parte de que, aunque se sospech\u00f3 en un principio, no hab\u00eda estadunidenses entre los turistas fallecidos, que eran todos de nacionalidad brasile\u00f1a al igual que los dos tripulantes.<\/p>\n\n\n\n<p>Barcelos es una peque\u00f1a ciudad enclavada en medio de la selva amaz\u00f3nica, que vive de la agricultura y el turismo, y tiene en la pesca deportiva uno de sus mayores atractivos.<\/p>\n\n\n\n<p>Seg\u00fan las autoridades, los cuerpos ser\u00e1n trasladados a Manaus, lo cual ocurrir\u00e1 este domingo debido a los temporales que azotan a esa ciudad amaz\u00f3nica y a que el peque\u00f1o aeropuerto de Barcelos no opera durante la noche por sus limitaciones t\u00e9cnicas.<\/p>\n\n\n\n<p>El avi\u00f3n pertenec\u00eda a una empresa de taxi a\u00e9reo&nbsp;con base en Manaus, la cual, seg\u00fan las autoridades aeron\u00e1uticas, tiene m\u00e1s de una d\u00e9cada en operaciones.<\/p>\n","protected":false},"excerpt":{"rendered":"<p>Redacci\u00f3n\/Zona Roja Cdmx. Ciudad de M\u00e9xico, a 17 de septiembre de 2023.- Una avioneta cay\u00f3&nbsp;en&hellip;<\/p>\n","protected":false},"author":2,"featured_media":59954,"comment_status":"closed","ping_status":"open","sticky":false,"template":"","format":"standard","meta":{"_lmt_disableupdate":"","_lmt_disable":"","_jetpack_memberships_contains_paid_content":false,"footnotes":""},"categories":[109,47],"tags":[3677],"class_list":["post-59953","post","type-post","status-publish","format-standard","has-post-thumbnail","hentry","category-minuto-a-minuto","category-zona-gris","tag-desplome-avioneta-brasil"],"jetpack_featured_media_url":"https:\/\/zonaroja.com.mx\/wp-content\/uploads\/2023\/09\/Desplome-avioneta-Brasil.webp","jetpack_sharing_enabled":true,"_links":{"self":[{"href":"https:\/\/zonaroja.com.mx\/index.php?rest_route=\/wp\/v2\/posts\/59953","targetHints":{"allow":["GET"]}}],"collection":[{"href":"https:\/\/zonaroja.com.mx\/index.php?rest_route=\/wp\/v2\/posts"}],"about":[{"href":"https:\/\/zonaroja.com.mx\/index.php?rest_route=\/wp\/v2\/types\/post"}],"author":[{"embeddable":true,"href":"https:\/\/zonaroja.com.mx\/index.php?rest_route=\/wp\/v2\/users\/2"}],"replies":[{"embeddable":true,"href":"https:\/\/zonaroja.com.mx\/index.php?rest_route=%2Fwp%2Fv2%2Fcomments&post=59953"}],"version-history":[{"count":1,"href":"https:\/\/zonaroja.com.mx\/index.php?rest_route=\/wp\/v2\/posts\/59953\/revisions"}],"predecessor-version":[{"id":59955,"href":"https:\/\/zonaroja.com.mx\/index.php?rest_route=\/wp\/v2\/posts\/59953\/revisions\/59955"}],"wp:featuredmedia":[{"embeddable":true,"href":"https:\/\/zonaroja.com.mx\/index.php?rest_route=\/wp\/v2\/media\/59954"}],"wp:attachment":[{"href":"https:\/\/zonaroja.com.mx\/index.php?rest_route=%2Fwp%2Fv2%2Fmedia&parent=59953"}],"wp:term":[{"taxonomy":"category","embeddable":true,"href":"https:\/\/zonaroja.com.mx\/index.php?rest_route=%2Fwp%2Fv2%2Fcategories&post=59953"},{"taxonomy":"post_tag","embeddable":true,"href":"https:\/\/zonaroja.com.mx\/index.php?rest_route=%2Fwp%2Fv2%2Ftags&post=59953"}],"curies":[{"name":"wp","href":"https:\/\/api.w.org\/{rel}","templated":true}]}}