{"id":59960,"date":"2023-09-17T14:00:00","date_gmt":"2023-09-17T19:00:00","guid":{"rendered":"http:\/\/www.zonaroja.com.mx\/?p=59960"},"modified":"2023-09-17T08:34:06","modified_gmt":"2023-09-17T13:34:06","slug":"pobreza-multidimensional-disminuye-en-mexico-de-2018-a-2022-unam","status":"publish","type":"post","link":"https:\/\/zonaroja.com.mx\/?p=59960","title":{"rendered":"Pobreza multidimensional disminuye en M\u00e9xico de 2018 a 2022: UNAM"},"content":{"rendered":"\n<p>Redacci\u00f3n\/Zona Roja Cdmx.<\/p>\n\n\n\n<p>Ciudad de M\u00e9xico, a 17 de septiembre de 2023.- La Universidad Nacional Aut\u00f3noma de M\u00e9xico (UNAM) explic\u00f3 que hubo una disminuci\u00f3n en la pobreza dimensional en M\u00e9xico.<\/p>\n\n\n\n<p>La pobreza multidimensional se mide al considerar ingreso, rezago educativo, acceso a servicios de salud, seguridad social, calidad y espacios de la vivienda, servicios b\u00e1sicos, acceso a la alimentaci\u00f3n nutritiva y de calidad, grado de adhesi\u00f3n social y grado de accesibilidad a carreteras pavimentadas.<\/p>\n\n\n\n<p>El porcentaje de la poblaci\u00f3n en situaci\u00f3n de pobreza multidimensional pas\u00f3 de 41.9 por ciento a 36.6 por ciento entre 2018 y 2022, de acuerdo con las Estimaciones de la Medici\u00f3n de la Pobreza 2022, elaboradas por el Consejo Nacional de Evaluaci\u00f3n de la Pol\u00edtica de Desarrollo Social (Coneval).<\/p>\n\n\n\n<p>\u201cEs una reducci\u00f3n importante, que no se debe solamente a las transferencias monetarias; hay tambi\u00e9n un aumento en los ingresos procedentes del trabajo que explicar\u00edan esta disminuci\u00f3n de la pobreza, y quiz\u00e1 un efecto de la pol\u00edtica de aumento al salario m\u00ednimo, uno de los grandes aciertos de este gobierno\u201d, opin\u00f3 el secretario General de la UNAM, Leonardo Lomel\u00ed.<\/p>\n\n\n\n<p>Dicha cifra se redujo en aproximadamente cinco millones de mexicanos, explic\u00f3 Jos\u00e9 Nabor Cruz Marcelo, secretario ejecutivo del Coneval.<\/p>\n\n\n\n<p>FOCOS ROJOS<\/p>\n\n\n\n<p>Leonardo Lomel\u00ed tambi\u00e9n hizo \u00e9nfasis en poner atenci\u00f3n sobre dos puntos rojos, como: crecimiento del rezago educativo y aumento de las carencias en servicios de salud.<\/p>\n\n\n\n<p>La poblaci\u00f3n de 3 a 21 a\u00f1os que no asisti\u00f3 a la escuela y tampoco cuenta con educaci\u00f3n obligatoria, en ese a\u00f1o fue de 15.9 por ciento, mientras que la poblaci\u00f3n de 22 a\u00f1os o m\u00e1s sin educaci\u00f3n media superior completa, fue de 36.7 por ciento.<\/p>\n\n\n\n<p>Lo anterior muestra que el rezago educativo en los primeros niveles se est\u00e1 ampliando, y afecta m\u00e1s a las mujeres, y habr\u00e1 consecuencias en las pr\u00f3ximas generaciones, advirtieron especialistas.<\/p>\n\n\n\n<p>En cuanto a las personas que carecen de acceso a los servicios de salud pas\u00f3 de 16.2 a 39.2 por ciento entre 2018 y 2022, lo cual representa un cambio de 20.1 a 50.4 millones de personas en esa situaci\u00f3n, respectivamente.<\/p>\n\n\n\n<p>(Informaci\u00f3n de \u201cEl Financiero\u201d)<\/p>\n","protected":false},"excerpt":{"rendered":"<p>Redacci\u00f3n\/Zona Roja Cdmx. Ciudad de M\u00e9xico, a 17 de septiembre de 2023.- La Universidad Nacional&hellip;<\/p>\n","protected":false},"author":2,"featured_media":32649,"comment_status":"closed","ping_status":"open","sticky":false,"template":"","format":"standard","meta":{"_lmt_disableupdate":"","_lmt_disable":"","_jetpack_memberships_contains_paid_content":false,"footnotes":""},"categories":[109,47],"tags":[3678],"class_list":["post-59960","post","type-post","status-publish","format-standard","has-post-thumbnail","hentry","category-minuto-a-minuto","category-zona-gris","tag-pobreza-en-mexico"],"jetpack_featured_media_url":"https:\/\/zonaroja.com.mx\/wp-content\/uploads\/2021\/10\/Adulto-Mayor-pobreza.jpg","jetpack_sharing_enabled":true,"_links":{"self":[{"href":"https:\/\/zonaroja.com.mx\/index.php?rest_route=\/wp\/v2\/posts\/59960","targetHints":{"allow":["GET"]}}],"collection":[{"href":"https:\/\/zonaroja.com.mx\/index.php?rest_route=\/wp\/v2\/posts"}],"about":[{"href":"https:\/\/zonaroja.com.mx\/index.php?rest_route=\/wp\/v2\/types\/post"}],"author":[{"embeddable":true,"href":"https:\/\/zonaroja.com.mx\/index.php?rest_route=\/wp\/v2\/users\/2"}],"replies":[{"embeddable":true,"href":"https:\/\/zonaroja.com.mx\/index.php?rest_route=%2Fwp%2Fv2%2Fcomments&post=59960"}],"version-history":[{"count":1,"href":"https:\/\/zonaroja.com.mx\/index.php?rest_route=\/wp\/v2\/posts\/59960\/revisions"}],"predecessor-version":[{"id":59961,"href":"https:\/\/zonaroja.com.mx\/index.php?rest_route=\/wp\/v2\/posts\/59960\/revisions\/59961"}],"wp:featuredmedia":[{"embeddable":true,"href":"https:\/\/zonaroja.com.mx\/index.php?rest_route=\/wp\/v2\/media\/32649"}],"wp:attachment":[{"href":"https:\/\/zonaroja.com.mx\/index.php?rest_route=%2Fwp%2Fv2%2Fmedia&parent=59960"}],"wp:term":[{"taxonomy":"category","embeddable":true,"href":"https:\/\/zonaroja.com.mx\/index.php?rest_route=%2Fwp%2Fv2%2Fcategories&post=59960"},{"taxonomy":"post_tag","embeddable":true,"href":"https:\/\/zonaroja.com.mx\/index.php?rest_route=%2Fwp%2Fv2%2Ftags&post=59960"}],"curies":[{"name":"wp","href":"https:\/\/api.w.org\/{rel}","templated":true}]}}