{"id":59962,"date":"2023-09-17T11:00:00","date_gmt":"2023-09-17T16:00:00","guid":{"rendered":"http:\/\/www.zonaroja.com.mx\/?p=59962"},"modified":"2023-09-17T08:58:25","modified_gmt":"2023-09-17T13:58:25","slug":"sin-pistas-del-sujeto-que-asesino-a-su-padre-en-ciudad-ixtepec-oaxaca","status":"publish","type":"post","link":"https:\/\/zonaroja.com.mx\/?p=59962","title":{"rendered":"Sin pistas del sujeto que asesin\u00f3 a su padre en Ciudad Ixtepec, Oaxaca"},"content":{"rendered":"\n<p>Redacci\u00f3n\/Zona Roja.<\/p>\n\n\n\n<p>Oaxaca de Ju\u00e1rez, Oax., a 17 de septiembre de 2023.- A m\u00e1s de 24 horas del parricidio, a\u00fan no hay pistas del sujeto que mat\u00f3 a su padre en Ciudad Ixtepec, municipio de la regi\u00f3n del Istmo en Oaxaca.<\/p>\n\n\n\n<p>Fue la madrugada del viernes en que integrantes de la familia consum\u00edan bebidas alcoh\u00f3licas en su domicilio de la colonia Los Pinos, cuando se suscit\u00f3 un altercado, presuntamente en reclamo de la herencia.<\/p>\n\n\n\n<p>Fue entonces que Carlos G. H., de 46 a\u00f1os de edad, tom\u00f3 un arma blanca y atac\u00f3 a su padre, Everardo G. V., de 65 a\u00f1os de edad, y le asest\u00f3 varias pu\u00f1aladas, tras lo cual logr\u00f3 huir.<\/p>\n\n\n\n<p>A falta de operativos policiacos por parte de la corporaci\u00f3n municipal, el probable parricida logr\u00f3 escapar y hasta el momento no se tiene ninguna pista de su paradero.<\/p>\n\n\n\n<p>En tanto, personal de la Vicefiscal\u00eda Regional del Istmo, dependiente de la Fiscal\u00eda General del Estado de Oaxaca, inici\u00f3 la Carpeta de Investigaci\u00f3n correspondiente, para deslindar responsabilidades y hallar justicia.<\/p>\n\n\n\n<p>BALAZOS EN CHIMALAPA<\/p>\n\n\n\n<p>Por otra parte, una persona result\u00f3 lesionada la madrugada de ayer s\u00e1bado, por disparos al aire causados en el marco de los festejos patrios, en el municipio de San Miguel Chimalapa.<\/p>\n\n\n\n<p>De acuerdo con reportes policiacos, el autor en probable estado de ebriedad habr\u00eda sido un sujeto identificado como el se\u00f1or M\u00fajica, presuntamente chofer de la presidenta municipal, Ceyla Cruz Guti\u00e9rrez.<\/p>\n\n\n\n<p>Un joven de 35 a\u00f1os de edad, Irving M. R., result\u00f3 lesionado y por lo cual fue trasladado a una cl\u00ednica particular.<\/p>\n\n\n\n<p>Los pobladores exigen a las autoridades locales que esclarezcan los hechos y se castigue al responsable, adem\u00e1s de cubra los da\u00f1os correspondientes.<\/p>\n","protected":false},"excerpt":{"rendered":"<p>Redacci\u00f3n\/Zona Roja. Oaxaca de Ju\u00e1rez, Oax., a 17 de septiembre de 2023.- A m\u00e1s de&hellip;<\/p>\n","protected":false},"author":2,"featured_media":59963,"comment_status":"closed","ping_status":"open","sticky":false,"template":"","format":"standard","meta":{"_lmt_disableupdate":"","_lmt_disable":"","_jetpack_memberships_contains_paid_content":false,"footnotes":""},"categories":[109,47],"tags":[703],"class_list":["post-59962","post","type-post","status-publish","format-standard","has-post-thumbnail","hentry","category-minuto-a-minuto","category-zona-gris","tag-ciudad-ixtepec"],"jetpack_featured_media_url":"https:\/\/zonaroja.com.mx\/wp-content\/uploads\/2023\/09\/Parricida-Ciudad-Ixtepec.jpeg","jetpack_sharing_enabled":true,"_links":{"self":[{"href":"https:\/\/zonaroja.com.mx\/index.php?rest_route=\/wp\/v2\/posts\/59962","targetHints":{"allow":["GET"]}}],"collection":[{"href":"https:\/\/zonaroja.com.mx\/index.php?rest_route=\/wp\/v2\/posts"}],"about":[{"href":"https:\/\/zonaroja.com.mx\/index.php?rest_route=\/wp\/v2\/types\/post"}],"author":[{"embeddable":true,"href":"https:\/\/zonaroja.com.mx\/index.php?rest_route=\/wp\/v2\/users\/2"}],"replies":[{"embeddable":true,"href":"https:\/\/zonaroja.com.mx\/index.php?rest_route=%2Fwp%2Fv2%2Fcomments&post=59962"}],"version-history":[{"count":2,"href":"https:\/\/zonaroja.com.mx\/index.php?rest_route=\/wp\/v2\/posts\/59962\/revisions"}],"predecessor-version":[{"id":59967,"href":"https:\/\/zonaroja.com.mx\/index.php?rest_route=\/wp\/v2\/posts\/59962\/revisions\/59967"}],"wp:featuredmedia":[{"embeddable":true,"href":"https:\/\/zonaroja.com.mx\/index.php?rest_route=\/wp\/v2\/media\/59963"}],"wp:attachment":[{"href":"https:\/\/zonaroja.com.mx\/index.php?rest_route=%2Fwp%2Fv2%2Fmedia&parent=59962"}],"wp:term":[{"taxonomy":"category","embeddable":true,"href":"https:\/\/zonaroja.com.mx\/index.php?rest_route=%2Fwp%2Fv2%2Fcategories&post=59962"},{"taxonomy":"post_tag","embeddable":true,"href":"https:\/\/zonaroja.com.mx\/index.php?rest_route=%2Fwp%2Fv2%2Ftags&post=59962"}],"curies":[{"name":"wp","href":"https:\/\/api.w.org\/{rel}","templated":true}]}}