{"id":59969,"date":"2023-09-17T15:05:39","date_gmt":"2023-09-17T20:05:39","guid":{"rendered":"http:\/\/www.zonaroja.com.mx\/?p=59969"},"modified":"2023-09-17T15:21:27","modified_gmt":"2023-09-17T20:21:27","slug":"incumplimientos-de-edil-morenista-genera-protesta-en-salina-cruz","status":"publish","type":"post","link":"https:\/\/zonaroja.com.mx\/?p=59969","title":{"rendered":"Incumplimientos de edil morenista genera protesta en Salina Cruz"},"content":{"rendered":"\n<p>Ismael Garc\u00eda M.\/Zona Roja. Foto: Cortes\u00eda TSC Noticias<\/p>\n\n\n\n<p>Oaxaca de Ju\u00e1rez, Oax., a 17 de septiembre de 2023.- La desatenci\u00f3n del presidente municipal de Salina Cruz, Daniel M\u00e9ndez Sosa, a diversas problem\u00e1ticas sociales origin\u00f3 una protesta previo a la llegada del mandatario Andr\u00e9s Manuel L\u00f3pez Obrador.<\/p>\n\n\n\n<p>Con pancartas y gritos, los pobladores demandaron al edil surgido del Partido Morena atender la reubicaci\u00f3n de vendedores ambulantes, tras un desalojo violento ocurrido semanas atr\u00e1s.&nbsp;<\/p>\n\n\n\n<p>De la misma manera, los integrantes del Comit\u00e9 en Defensa de la Cuarta Transformaci\u00f3n exigieron cumplir con obras para la colonia Huanacaxtle, entre ellas el domo de un auditorio, prometido desde la campa\u00f1a pol\u00edtica del edil. <\/p>\n\n\n\n<p>Ante ello, y debido a la ausencia de M\u00e9ndez Sosa, fue el propio gobernador Salom\u00f3n Jara Cruz quien escuch\u00f3 la queja de los inconformes y ofreci\u00f3 una mesa de di\u00e1logo, a trav\u00e9s de la Secretar\u00eda de Gobierno (Sego).<\/p>\n\n\n\n<p>De la misma manera, les informo que le solicitar\u00e1 una audiencia con el presidente municipal para que los atienda y resuelva las peticiones.<\/p>\n\n\n\n<p>Tras ello se retir\u00f3 la manifestaci\u00f3n y minutos despu\u00e9s, L\u00f3pez Obrador arrib\u00f3 a la estaci\u00f3n del ferrocarril de la ciudad y puerto de Salina Cruz, para abordar sin contratiempos, junto con el mandatario estatal Salom\u00f3n Jara y el gobernador de Veracruz, Cuitl\u00e1huac Garc\u00eda, el tren de prueba con rumbo a Coatzacoalcos.&nbsp;<\/p>\n\n\n\n<figure class=\"wp-block-image size-large\"><img decoding=\"async\" width=\"300\" height=\"219\" src=\"http:\/\/www.zonaroja.com.mx\/wp-content\/uploads\/2023\/09\/img_3479-300x219.jpg\" alt=\"\" class=\"wp-image-59968\" srcset=\"https:\/\/zonaroja.com.mx\/wp-content\/uploads\/2023\/09\/img_3479-300x219.jpg 300w, https:\/\/zonaroja.com.mx\/wp-content\/uploads\/2023\/09\/img_3479-585x427.jpg 585w, https:\/\/zonaroja.com.mx\/wp-content\/uploads\/2023\/09\/img_3479.jpg 720w\" sizes=\"(max-width: 300px) 100vw, 300px\" \/><\/figure>\n","protected":false},"excerpt":{"rendered":"<p>Ismael Garc\u00eda M.\/Zona Roja. Foto: Cortes\u00eda TSC Noticias Oaxaca de Ju\u00e1rez, Oax., a 17 de&hellip;<\/p>\n","protected":false},"author":2,"featured_media":59968,"comment_status":"closed","ping_status":"open","sticky":false,"template":"","format":"standard","meta":{"_lmt_disableupdate":"","_lmt_disable":"","_jetpack_memberships_contains_paid_content":false,"footnotes":""},"categories":[109,47],"tags":[],"class_list":["post-59969","post","type-post","status-publish","format-standard","has-post-thumbnail","hentry","category-minuto-a-minuto","category-zona-gris"],"jetpack_featured_media_url":"https:\/\/zonaroja.com.mx\/wp-content\/uploads\/2023\/09\/img_3479.jpg","jetpack_sharing_enabled":true,"_links":{"self":[{"href":"https:\/\/zonaroja.com.mx\/index.php?rest_route=\/wp\/v2\/posts\/59969","targetHints":{"allow":["GET"]}}],"collection":[{"href":"https:\/\/zonaroja.com.mx\/index.php?rest_route=\/wp\/v2\/posts"}],"about":[{"href":"https:\/\/zonaroja.com.mx\/index.php?rest_route=\/wp\/v2\/types\/post"}],"author":[{"embeddable":true,"href":"https:\/\/zonaroja.com.mx\/index.php?rest_route=\/wp\/v2\/users\/2"}],"replies":[{"embeddable":true,"href":"https:\/\/zonaroja.com.mx\/index.php?rest_route=%2Fwp%2Fv2%2Fcomments&post=59969"}],"version-history":[{"count":3,"href":"https:\/\/zonaroja.com.mx\/index.php?rest_route=\/wp\/v2\/posts\/59969\/revisions"}],"predecessor-version":[{"id":59972,"href":"https:\/\/zonaroja.com.mx\/index.php?rest_route=\/wp\/v2\/posts\/59969\/revisions\/59972"}],"wp:featuredmedia":[{"embeddable":true,"href":"https:\/\/zonaroja.com.mx\/index.php?rest_route=\/wp\/v2\/media\/59968"}],"wp:attachment":[{"href":"https:\/\/zonaroja.com.mx\/index.php?rest_route=%2Fwp%2Fv2%2Fmedia&parent=59969"}],"wp:term":[{"taxonomy":"category","embeddable":true,"href":"https:\/\/zonaroja.com.mx\/index.php?rest_route=%2Fwp%2Fv2%2Fcategories&post=59969"},{"taxonomy":"post_tag","embeddable":true,"href":"https:\/\/zonaroja.com.mx\/index.php?rest_route=%2Fwp%2Fv2%2Ftags&post=59969"}],"curies":[{"name":"wp","href":"https:\/\/api.w.org\/{rel}","templated":true}]}}