{"id":5997,"date":"2019-11-22T21:35:55","date_gmt":"2019-11-23T03:35:55","guid":{"rendered":"http:\/\/www.zonaroja.com.mx\/?p=5997"},"modified":"2019-11-22T22:08:20","modified_gmt":"2019-11-23T04:08:20","slug":"profesor-de-oaxaca-abuso-en-salon-de-clases-a-una-nina-de-10-anos-de-edad","status":"publish","type":"post","link":"https:\/\/zonaroja.com.mx\/?p=5997","title":{"rendered":"Profesor de Oaxaca abus\u00f3 en sal\u00f3n de clases de una ni\u00f1a de 10 a\u00f1os de edad"},"content":{"rendered":"\n<p>Redacci\u00f3n\/Zona Roja.<\/p>\n\n\n\n<p>Oaxaca de Ju\u00e1rez, Oax., 22 de noviembre\nde 2019.- Un profesor abus\u00f3 sexualmente de una alumna de 10 a\u00f1os de edad en un\nplantel educativo de San Pedro Ap\u00f3stol, municipio del distrito de Ocotl\u00e1n,\nOaxaca.<\/p>\n\n\n\n<p>La Fiscal\u00eda General del Estado de\nOaxaca (FGEO) dio a conocer que aprehendi\u00f3 y logr\u00f3 que un juez vinculara a\nproceso al imputado, identificado como J. A. C. C., se\u00f1alado como probable\nresponsable del delito de abuso sexual infantil agravado.<\/p>\n\n\n\n<p>En un comunicado, indic\u00f3 que con base a\nla causa penal 676\/2019, el 25 de junio de 2018, alrededor de las 12:30 horas,\nla v\u00edctima se encontraba en el sal\u00f3n de clases de una escuela primaria ubicada\nen San Pedro Ap\u00f3stol, momento en que el imputado abus\u00f3 sexualmente de la ni\u00f1a.<\/p>\n\n\n\n<p>Luego de la denuncia presentada por\nfamiliares de la v\u00edctima, la Fiscal\u00eda realiz\u00f3 una exhaustiva investigaci\u00f3n,\nsolicit\u00f3 y ejecut\u00f3 orden de aprehensi\u00f3n y present\u00f3 al imputado ante la\nautoridad que lo requiri\u00f3.<\/p>\n\n\n\n<p>En audiencia celebrada este 22 de\nnoviembre, el Juez de Control dict\u00f3 auto de vinculaci\u00f3n a proceso contra del\nimputado, imponiendo prisi\u00f3n preventiva oficiosa y otorgando cinco meses para\nel cierre de la investigaci\u00f3n complementaria.<\/p>\n","protected":false},"excerpt":{"rendered":"<p>Redacci\u00f3n\/Zona Roja. Oaxaca de Ju\u00e1rez, Oax., 22 de noviembre de 2019.- Un profesor abus\u00f3 sexualmente&hellip;<\/p>\n","protected":false},"author":2,"featured_media":5998,"comment_status":"closed","ping_status":"open","sticky":false,"template":"","format":"standard","meta":{"_lmt_disableupdate":"","_lmt_disable":"","_jetpack_memberships_contains_paid_content":false,"footnotes":""},"categories":[109,51],"tags":[494,1046],"class_list":["post-5997","post","type-post","status-publish","format-standard","has-post-thumbnail","hentry","category-minuto-a-minuto","category-zona-roja","tag-fiscalia-general-del-estado-de-oaxaca","tag-san-pedro-apostol"],"jetpack_featured_media_url":"https:\/\/zonaroja.com.mx\/wp-content\/uploads\/2019\/11\/clases.jpg","jetpack_sharing_enabled":true,"_links":{"self":[{"href":"https:\/\/zonaroja.com.mx\/index.php?rest_route=\/wp\/v2\/posts\/5997","targetHints":{"allow":["GET"]}}],"collection":[{"href":"https:\/\/zonaroja.com.mx\/index.php?rest_route=\/wp\/v2\/posts"}],"about":[{"href":"https:\/\/zonaroja.com.mx\/index.php?rest_route=\/wp\/v2\/types\/post"}],"author":[{"embeddable":true,"href":"https:\/\/zonaroja.com.mx\/index.php?rest_route=\/wp\/v2\/users\/2"}],"replies":[{"embeddable":true,"href":"https:\/\/zonaroja.com.mx\/index.php?rest_route=%2Fwp%2Fv2%2Fcomments&post=5997"}],"version-history":[{"count":2,"href":"https:\/\/zonaroja.com.mx\/index.php?rest_route=\/wp\/v2\/posts\/5997\/revisions"}],"predecessor-version":[{"id":6000,"href":"https:\/\/zonaroja.com.mx\/index.php?rest_route=\/wp\/v2\/posts\/5997\/revisions\/6000"}],"wp:featuredmedia":[{"embeddable":true,"href":"https:\/\/zonaroja.com.mx\/index.php?rest_route=\/wp\/v2\/media\/5998"}],"wp:attachment":[{"href":"https:\/\/zonaroja.com.mx\/index.php?rest_route=%2Fwp%2Fv2%2Fmedia&parent=5997"}],"wp:term":[{"taxonomy":"category","embeddable":true,"href":"https:\/\/zonaroja.com.mx\/index.php?rest_route=%2Fwp%2Fv2%2Fcategories&post=5997"},{"taxonomy":"post_tag","embeddable":true,"href":"https:\/\/zonaroja.com.mx\/index.php?rest_route=%2Fwp%2Fv2%2Ftags&post=5997"}],"curies":[{"name":"wp","href":"https:\/\/api.w.org\/{rel}","templated":true}]}}