{"id":59973,"date":"2023-09-17T17:51:20","date_gmt":"2023-09-17T22:51:20","guid":{"rendered":"http:\/\/www.zonaroja.com.mx\/?p=59973"},"modified":"2023-09-17T17:51:22","modified_gmt":"2023-09-17T22:51:22","slug":"ingresan-a-radiodifusora-en-oaxaca-capital-para-asalto-y-lesionan-a-trabajador","status":"publish","type":"post","link":"https:\/\/zonaroja.com.mx\/?p=59973","title":{"rendered":"Ingresan a radiodifusora en Oaxaca capital para asalto y lesionan a trabajador"},"content":{"rendered":"\n<p>Ismael Garc\u00eda M.\/Zona Roja.<\/p>\n\n\n\n<p>Oaxaca de Ju\u00e1rez, Oax., a 17 de septiembre de 2023.- Uno o m\u00e1s sujetos armados ingresaron la madrugada de este domingo a una estaci\u00f3n radiof\u00f3nica de la ciudad de Oaxaca para intentar robar y lesionaron a un trabajador sindicalizado.<\/p>\n\n\n\n<p>El hecho ocurri\u00f3 en las instalaciones ubicadas eh la calle Valerio Trajano 108, a siete cuadras del z\u00f3calo capitalino, sin que hubiera polic\u00edas municipales en la zona.<\/p>\n\n\n\n<p>\u201cAnte la inseguridad que se vive en el estado de Oaxaca, este Sindicato de Trabajadores de la Industria de la Radio, Televisi\u00f3n y Telecomunicaciones (STIRTT Secci\u00f3n Oaxaca), condena tajantemente los hechos suscitados durante la madrugada del d\u00eda de hoy\u201d, difundi\u00f3 el gremio a trav\u00e9s de un comunicado.<\/p>\n\n\n\n<p>Relat\u00f3 que \u201cbajo el amparo de la noche un sujeto ajeno a esta empresa radiof\u00f3nica, ingres\u00f3 e intent\u00f3 perpetrar un delito de tipo patrimonial en esta empresa.&nbsp;<\/p>\n\n\n\n<p>\u201cResultando de estos hechos, que nuestro compa\u00f1ero sindicalizado M.A.P.A. sufriera lesiones f\u00edsicas de consideraci\u00f3n, ante lo cual exigimos mayor vigilancia tanto al interior como al exterior de dicho inmueble, haciendo del conocimiento a la base trabajadora que le daremos un puntual seguimiento a estos hechos.&nbsp;<\/p>\n\n\n\n<p>\u201cSolicitando respetuosamente a las corporaciones de seguridad p\u00fablica del orden municipal y estatal, una mayor vigilancia en las diferentes emisoras y plantas de transmisi\u00f3n de radio y televisi\u00f3n en el estado, as\u00ed como a la Fiscal\u00eda General del Estado de Oaxaca le exhortamos a que recabe todos los datos e indicios de prueba, para que se d\u00e9 con el o los presuntos responsables\u201d, detall\u00f3.&nbsp;<\/p>\n\n\n\n<p>La persona lesionada recibe atenci\u00f3n m\u00e9dica en un hospital de la capital del estado y hasta el momento no se cuenta con mayores datos acerca de su estado de salud.<\/p>\n","protected":false},"excerpt":{"rendered":"<p>Ismael Garc\u00eda M.\/Zona Roja. Oaxaca de Ju\u00e1rez, Oax., a 17 de septiembre de 2023.- Uno&hellip;<\/p>\n","protected":false},"author":2,"featured_media":59974,"comment_status":"closed","ping_status":"open","sticky":false,"template":"","format":"standard","meta":{"_lmt_disableupdate":"","_lmt_disable":"","_jetpack_memberships_contains_paid_content":false,"footnotes":""},"categories":[109,47],"tags":[148],"class_list":["post-59973","post","type-post","status-publish","format-standard","has-post-thumbnail","hentry","category-minuto-a-minuto","category-zona-gris","tag-oaxaca-de-juarez"],"jetpack_featured_media_url":"https:\/\/zonaroja.com.mx\/wp-content\/uploads\/2023\/09\/Asalto-radio-Oaxaca.jpg","jetpack_sharing_enabled":true,"_links":{"self":[{"href":"https:\/\/zonaroja.com.mx\/index.php?rest_route=\/wp\/v2\/posts\/59973","targetHints":{"allow":["GET"]}}],"collection":[{"href":"https:\/\/zonaroja.com.mx\/index.php?rest_route=\/wp\/v2\/posts"}],"about":[{"href":"https:\/\/zonaroja.com.mx\/index.php?rest_route=\/wp\/v2\/types\/post"}],"author":[{"embeddable":true,"href":"https:\/\/zonaroja.com.mx\/index.php?rest_route=\/wp\/v2\/users\/2"}],"replies":[{"embeddable":true,"href":"https:\/\/zonaroja.com.mx\/index.php?rest_route=%2Fwp%2Fv2%2Fcomments&post=59973"}],"version-history":[{"count":1,"href":"https:\/\/zonaroja.com.mx\/index.php?rest_route=\/wp\/v2\/posts\/59973\/revisions"}],"predecessor-version":[{"id":59975,"href":"https:\/\/zonaroja.com.mx\/index.php?rest_route=\/wp\/v2\/posts\/59973\/revisions\/59975"}],"wp:featuredmedia":[{"embeddable":true,"href":"https:\/\/zonaroja.com.mx\/index.php?rest_route=\/wp\/v2\/media\/59974"}],"wp:attachment":[{"href":"https:\/\/zonaroja.com.mx\/index.php?rest_route=%2Fwp%2Fv2%2Fmedia&parent=59973"}],"wp:term":[{"taxonomy":"category","embeddable":true,"href":"https:\/\/zonaroja.com.mx\/index.php?rest_route=%2Fwp%2Fv2%2Fcategories&post=59973"},{"taxonomy":"post_tag","embeddable":true,"href":"https:\/\/zonaroja.com.mx\/index.php?rest_route=%2Fwp%2Fv2%2Ftags&post=59973"}],"curies":[{"name":"wp","href":"https:\/\/api.w.org\/{rel}","templated":true}]}}