{"id":59980,"date":"2023-09-17T21:41:26","date_gmt":"2023-09-18T02:41:26","guid":{"rendered":"http:\/\/www.zonaroja.com.mx\/?p=59980"},"modified":"2023-09-17T21:41:28","modified_gmt":"2023-09-18T02:41:28","slug":"ejecutado-en-domingo-en-santa-maria-xadani-oaxaca","status":"publish","type":"post","link":"https:\/\/zonaroja.com.mx\/?p=59980","title":{"rendered":"Ejecutado en domingo, en Santa Mar\u00eda Xadani, Oaxaca"},"content":{"rendered":"\n<p>Redacci\u00f3n\/Zona Roja.<\/p>\n\n\n\n<p>Oaxaca de Ju\u00e1rez, Oax., a 17 de septiembre de 2023.- Una persona del sexo masculino fue ejecutado la tarde de hoy, en Santa Mar\u00eda Xadani, municipio de la regi\u00f3n del Istmo de Tehuantepec.<\/p>\n\n\n\n<p>De acuerdo con medios informativos locales, un sujeto descendi\u00f3 de su camioneta, ingres\u00f3 al domicilio de la v\u00edctima, en la calle Guerrero, y dispar\u00f3 directamente contra ella, tras lo cual se retir\u00f3, sin que hubiera polic\u00edas en la zona que lo impidieran.<\/p>\n\n\n\n<p>El hoy occiso respondi\u00f3 en vida al nombre de Jos\u00e9 S. O., de 71 a\u00f1os de edad, y presuntamente ten\u00eda antecedentes delictivos de homicidio.<\/p>\n\n\n\n<p>Personal de la Vicefiscal\u00eda Regional del Istmo, dependiente de la Fiscal\u00eda General del Estado, inici\u00f3 las indagatorias correspondientes y hasta el momento no se ha identificado el m\u00f3vil del crimen.<\/p>\n","protected":false},"excerpt":{"rendered":"<p>Redacci\u00f3n\/Zona Roja. Oaxaca de Ju\u00e1rez, Oax., a 17 de septiembre de 2023.- Una persona del&hellip;<\/p>\n","protected":false},"author":2,"featured_media":32008,"comment_status":"closed","ping_status":"open","sticky":false,"template":"","format":"standard","meta":{"_lmt_disableupdate":"","_lmt_disable":"","_jetpack_memberships_contains_paid_content":false,"footnotes":""},"categories":[109,51],"tags":[1296],"class_list":["post-59980","post","type-post","status-publish","format-standard","has-post-thumbnail","hentry","category-minuto-a-minuto","category-zona-roja","tag-santa-maria-xadani"],"jetpack_featured_media_url":"https:\/\/zonaroja.com.mx\/wp-content\/uploads\/2021\/09\/Santa-Maria-Xadani.jpg","jetpack_sharing_enabled":true,"_links":{"self":[{"href":"https:\/\/zonaroja.com.mx\/index.php?rest_route=\/wp\/v2\/posts\/59980","targetHints":{"allow":["GET"]}}],"collection":[{"href":"https:\/\/zonaroja.com.mx\/index.php?rest_route=\/wp\/v2\/posts"}],"about":[{"href":"https:\/\/zonaroja.com.mx\/index.php?rest_route=\/wp\/v2\/types\/post"}],"author":[{"embeddable":true,"href":"https:\/\/zonaroja.com.mx\/index.php?rest_route=\/wp\/v2\/users\/2"}],"replies":[{"embeddable":true,"href":"https:\/\/zonaroja.com.mx\/index.php?rest_route=%2Fwp%2Fv2%2Fcomments&post=59980"}],"version-history":[{"count":1,"href":"https:\/\/zonaroja.com.mx\/index.php?rest_route=\/wp\/v2\/posts\/59980\/revisions"}],"predecessor-version":[{"id":59981,"href":"https:\/\/zonaroja.com.mx\/index.php?rest_route=\/wp\/v2\/posts\/59980\/revisions\/59981"}],"wp:featuredmedia":[{"embeddable":true,"href":"https:\/\/zonaroja.com.mx\/index.php?rest_route=\/wp\/v2\/media\/32008"}],"wp:attachment":[{"href":"https:\/\/zonaroja.com.mx\/index.php?rest_route=%2Fwp%2Fv2%2Fmedia&parent=59980"}],"wp:term":[{"taxonomy":"category","embeddable":true,"href":"https:\/\/zonaroja.com.mx\/index.php?rest_route=%2Fwp%2Fv2%2Fcategories&post=59980"},{"taxonomy":"post_tag","embeddable":true,"href":"https:\/\/zonaroja.com.mx\/index.php?rest_route=%2Fwp%2Fv2%2Ftags&post=59980"}],"curies":[{"name":"wp","href":"https:\/\/api.w.org\/{rel}","templated":true}]}}