{"id":59985,"date":"2023-09-18T08:37:08","date_gmt":"2023-09-18T13:37:08","guid":{"rendered":"http:\/\/www.zonaroja.com.mx\/?p=59985"},"modified":"2023-09-18T08:37:11","modified_gmt":"2023-09-18T13:37:11","slug":"tarda-casi-10-horas-viaje-de-amlo-en-tren-de-salina-cruz-a-coatzacoalcos","status":"publish","type":"post","link":"https:\/\/zonaroja.com.mx\/?p=59985","title":{"rendered":"Tarda casi 10 horas viaje de AMLO en tren de Salina Cruz a Coatzacoalcos"},"content":{"rendered":"\n<p>Redacci\u00f3n\/Zona Roja.<\/p>\n\n\n\n<p>Oaxaca de Ju\u00e1rez, Oax., a 18 de septiembre de 2023.- Cerca de las 22:00 horas arrib\u00f3 a Coatzacoalcos, Veracruz, el tren del Corredor Interoce\u00e1nico que realiz\u00f3 su primer viaje de prueba, con la asistencia del Presidente Andr\u00e9s Manuel L\u00f3pez Obrador.<\/p>\n\n\n\n<p>La jornada inici\u00f3 minutos despu\u00e9s de las 10:00 horas en la ciudad y puerto de Salina Cruz, con la presencia de los gobernadores de Oaxaca, Salom\u00f3n Jara Cruz, y de Veracruz, Cuitl\u00e1huac Garc\u00eda, as\u00ed como la titular de Gobernaci\u00f3n, Luisa Alcalde.<\/p>\n\n\n\n<p>La jornada hist\u00f3rica fue aplaudida por cientos de personas que llegaron a temprana hora en la estaci\u00f3n ferroviaria e incluso hubo personas de la tercera edad que derramaron l\u00e1grimas de emoci\u00f3n al ver de nuevo en circulaci\u00f3n al ferrocarril; la escena se repiti\u00f3 en cada una de las estaciones.<\/p>\n\n\n\n<p>En un comunicado, el gobierno de Oaxaca inform\u00f3 que miles de personas se enfilaron a los costados de las v\u00edas f\u00e9rreas.<\/p>\n\n\n\n<p>El sonido de la bocina del vag\u00f3n principal y el chirrido de los rieles al contacto con las ruedas del tren les devolvieron recuerdos y rememoraron su infancia con felicidad e ilusiones.<\/p>\n\n\n\n<p>El mandatario Salom\u00f3n Jara Cruz reconoci\u00f3 este acontecimiento como un hecho hist\u00f3rico \u201choy se da comienzo a una primera prueba del tren, desde Salina Cruz hasta Coatzacoalcos, ya lo hizo con el Tren Maya y ahora lo hace en este proyecto del Corredor Interoce\u00e1nico, se trata de un sue\u00f1o que ten\u00edamos los y las oaxaque\u00f1as y estamos muy contentos\u201d, dijo.<\/p>\n\n\n\n<p>La salida del recorrido de prueba fue a las 10:30 horas de la estaci\u00f3n Salina Cruz con destino a la Estaci\u00f3n Coatzacoalcos, en el estado de Veracruz, tramo correspondiente a la L\u00ednea Z.<\/p>\n\n\n\n<p>\u201cEste suceso representa que va muy bien el trabajo de la Cuarta Transformaci\u00f3n que nadie puede parar. Ahora, luego de 27 a\u00f1os de nuevo llega este acontecimiento que le da vida e identidad a la regi\u00f3n\u201d, expresaron algunas ciudadanas y ciudadanos.<\/p>\n\n\n\n<p>Las l\u00edneas que comprenden la ruta de este tren se divide en tres: la l\u00ednea Z, que va de Coatzacoalcos, Veracruz a Salina Cruz, Oaxaca; la l\u00ednea FA, de Coatzacoalcos, Veracruz a Palenque, Chiapas y la l\u00ednea K, que va de Ciudad Ixtepec, Oaxaca a Ciudad Hidalgo, Chiapas.<\/p>\n","protected":false},"excerpt":{"rendered":"<p>Redacci\u00f3n\/Zona Roja. Oaxaca de Ju\u00e1rez, Oax., a 18 de septiembre de 2023.- Cerca de las&hellip;<\/p>\n","protected":false},"author":2,"featured_media":59986,"comment_status":"closed","ping_status":"open","sticky":false,"template":"","format":"standard","meta":{"_lmt_disableupdate":"","_lmt_disable":"","_jetpack_memberships_contains_paid_content":false,"footnotes":""},"categories":[109,46],"tags":[2917],"class_list":["post-59985","post","type-post","status-publish","format-standard","has-post-thumbnail","hentry","category-minuto-a-minuto","category-zona-blanca","tag-corredor-interoceanico-oaxaca"],"jetpack_featured_media_url":"https:\/\/zonaroja.com.mx\/wp-content\/uploads\/2023\/09\/Tren-Corredor-Interocanico-viaje-de-prueba-Lopez-Obrador-Jara.jpeg","jetpack_sharing_enabled":true,"_links":{"self":[{"href":"https:\/\/zonaroja.com.mx\/index.php?rest_route=\/wp\/v2\/posts\/59985","targetHints":{"allow":["GET"]}}],"collection":[{"href":"https:\/\/zonaroja.com.mx\/index.php?rest_route=\/wp\/v2\/posts"}],"about":[{"href":"https:\/\/zonaroja.com.mx\/index.php?rest_route=\/wp\/v2\/types\/post"}],"author":[{"embeddable":true,"href":"https:\/\/zonaroja.com.mx\/index.php?rest_route=\/wp\/v2\/users\/2"}],"replies":[{"embeddable":true,"href":"https:\/\/zonaroja.com.mx\/index.php?rest_route=%2Fwp%2Fv2%2Fcomments&post=59985"}],"version-history":[{"count":1,"href":"https:\/\/zonaroja.com.mx\/index.php?rest_route=\/wp\/v2\/posts\/59985\/revisions"}],"predecessor-version":[{"id":59987,"href":"https:\/\/zonaroja.com.mx\/index.php?rest_route=\/wp\/v2\/posts\/59985\/revisions\/59987"}],"wp:featuredmedia":[{"embeddable":true,"href":"https:\/\/zonaroja.com.mx\/index.php?rest_route=\/wp\/v2\/media\/59986"}],"wp:attachment":[{"href":"https:\/\/zonaroja.com.mx\/index.php?rest_route=%2Fwp%2Fv2%2Fmedia&parent=59985"}],"wp:term":[{"taxonomy":"category","embeddable":true,"href":"https:\/\/zonaroja.com.mx\/index.php?rest_route=%2Fwp%2Fv2%2Fcategories&post=59985"},{"taxonomy":"post_tag","embeddable":true,"href":"https:\/\/zonaroja.com.mx\/index.php?rest_route=%2Fwp%2Fv2%2Ftags&post=59985"}],"curies":[{"name":"wp","href":"https:\/\/api.w.org\/{rel}","templated":true}]}}