{"id":59991,"date":"2023-09-18T10:30:00","date_gmt":"2023-09-18T15:30:00","guid":{"rendered":"http:\/\/www.zonaroja.com.mx\/?p=59991"},"modified":"2023-09-18T09:09:15","modified_gmt":"2023-09-18T14:09:15","slug":"ovidio-guzman-se-enfrenta-este-lunes-a-un-juez-de-illinois","status":"publish","type":"post","link":"https:\/\/zonaroja.com.mx\/?p=59991","title":{"rendered":"Ovidio Guzm\u00e1n se enfrenta este lunes a un juez de Illinois"},"content":{"rendered":"\n<p>Redacci\u00f3n\/Zona Roja Cdmx.<\/p>\n\n\n\n<p>Ciudad de M\u00e9xico, a 18 de septiembre de 2023.- Ovidio Guzm\u00e1n L\u00f3pez, hijo de \u201cEl Chapo\u201d Guzm\u00e1n, extraditado el fin de semana pasado a Estados Unidos, donde ya lo identifican como el reo 72884-748, estar\u00e1 hoy ante un juez del Distrito Norte de Illinois.<\/p>\n\n\n\n<p>El capo enfrenta en esa corte, junto con sus hermanos Joaqu\u00edn, Iv\u00e1n Archivaldo y Alfredo, cargos por tr\u00e1fico de narc\u00f3ticos y armas, as\u00ed como lavado de dinero.<\/p>\n\n\n\n<p>Seg\u00fan el expediente 09-CR-383-22, entre mayo de 2008 y abril de 2023, Guzm\u00e1n L\u00f3pez, el Rat\u00f3n, y sus hermanos, conocidos como \u201cLos Chapitos\u201d, tienen alto rango en el C\u00e1rtel de Sinaloa y se les considera l\u00edderes de una empresa criminal que tiene por objetivo importar a M\u00e9xico grandes cantidades de coca\u00edna de pa\u00edses como Colombia, Ecuador, Venezuela, Per\u00fa, Panam\u00e1, Costa Rica, Honduras y Guatemala.<\/p>\n\n\n\n<p>Seg\u00fan la acusaci\u00f3n, tras la detenci\u00f3n y extradici\u00f3n de \u201cEl Chapo\u201d, sus hijos tomaron el control de una facci\u00f3n del c\u00e1rtel y sus actividades de tr\u00e1fico de coca\u00edna y otras drogas a Estados Unidos. \u201cTras el arresto de su padre en 2016, Ovidio Guzm\u00e1n L\u00f3pez asumi\u00f3 un papel como l\u00edder y principal organizador del C\u00e1rtel de Sinaloa\u201d, dice la acusaci\u00f3n.<\/p>\n\n\n\n<p>Ovidio Guzm\u00e1n est\u00e1 implicado en una acusaci\u00f3n separada que alega los mismos delitos, y que data de mayo de 2008 hasta octubre de 2021, cuando las autoridades mexicanas lo arrestaron en Culiac\u00e1n.<\/p>\n\n\n\n<p>Adem\u00e1s, \u00e9l y sus hermanos est\u00e1n implicados en otras acusaciones radicadas en la una corte de Nueva York, donde los se\u00f1alan de ser los principales introductores de fentanilo a Estados Unidos, cuyo consumo ha provocado una crisis de salud en aquel pa\u00eds.<\/p>\n\n\n\n<p>Ovidio Guzm\u00e1n fue extraditado a Estados Unidos el viernes 15 de septiembre, mediante un sorpresivo operativo. Hasta ese d\u00eda estuvo preso en el penal del Altiplano.<\/p>\n\n\n\n<p>\u201cEl Rat\u00f3n\u201d fue sacado en helic\u00f3ptero y llevado a Estados Unidos en un jet Bombardier Challenger 605, con placa XB-NWD. El viernes qued\u00f3 interno en el Centro Metropolitano Correccional de Seguridad de Chicago, donde ayer pas\u00f3 su tercera noche.<\/p>\n\n\n\n<p>Si va a juicio y lo hallan culpable, Ovidio podr\u00eda recibir una pena m\u00ednima de 20 a\u00f1os a prisi\u00f3n y m\u00e1xima de cadena perpetua. Si opta por colaborar en busca de una pena menor, ello implicar\u00eda delatar a sus hermanos.<\/p>\n\n\n\n<p>(Informaci\u00f3n de \u201cEl Financiero\u201d)<\/p>\n","protected":false},"excerpt":{"rendered":"<p>Redacci\u00f3n\/Zona Roja Cdmx. Ciudad de M\u00e9xico, a 18 de septiembre de 2023.- Ovidio Guzm\u00e1n L\u00f3pez,&hellip;<\/p>\n","protected":false},"author":2,"featured_media":50088,"comment_status":"closed","ping_status":"open","sticky":false,"template":"","format":"standard","meta":{"_lmt_disableupdate":"","_lmt_disable":"","_jetpack_memberships_contains_paid_content":false,"footnotes":""},"categories":[109,47],"tags":[887],"class_list":["post-59991","post","type-post","status-publish","format-standard","has-post-thumbnail","hentry","category-minuto-a-minuto","category-zona-gris","tag-ovidio-guzman-lopez"],"jetpack_featured_media_url":"https:\/\/zonaroja.com.mx\/wp-content\/uploads\/2023\/01\/img_4196.jpg","jetpack_sharing_enabled":true,"_links":{"self":[{"href":"https:\/\/zonaroja.com.mx\/index.php?rest_route=\/wp\/v2\/posts\/59991","targetHints":{"allow":["GET"]}}],"collection":[{"href":"https:\/\/zonaroja.com.mx\/index.php?rest_route=\/wp\/v2\/posts"}],"about":[{"href":"https:\/\/zonaroja.com.mx\/index.php?rest_route=\/wp\/v2\/types\/post"}],"author":[{"embeddable":true,"href":"https:\/\/zonaroja.com.mx\/index.php?rest_route=\/wp\/v2\/users\/2"}],"replies":[{"embeddable":true,"href":"https:\/\/zonaroja.com.mx\/index.php?rest_route=%2Fwp%2Fv2%2Fcomments&post=59991"}],"version-history":[{"count":1,"href":"https:\/\/zonaroja.com.mx\/index.php?rest_route=\/wp\/v2\/posts\/59991\/revisions"}],"predecessor-version":[{"id":59992,"href":"https:\/\/zonaroja.com.mx\/index.php?rest_route=\/wp\/v2\/posts\/59991\/revisions\/59992"}],"wp:featuredmedia":[{"embeddable":true,"href":"https:\/\/zonaroja.com.mx\/index.php?rest_route=\/wp\/v2\/media\/50088"}],"wp:attachment":[{"href":"https:\/\/zonaroja.com.mx\/index.php?rest_route=%2Fwp%2Fv2%2Fmedia&parent=59991"}],"wp:term":[{"taxonomy":"category","embeddable":true,"href":"https:\/\/zonaroja.com.mx\/index.php?rest_route=%2Fwp%2Fv2%2Fcategories&post=59991"},{"taxonomy":"post_tag","embeddable":true,"href":"https:\/\/zonaroja.com.mx\/index.php?rest_route=%2Fwp%2Fv2%2Ftags&post=59991"}],"curies":[{"name":"wp","href":"https:\/\/api.w.org\/{rel}","templated":true}]}}