{"id":59996,"date":"2023-09-18T14:12:00","date_gmt":"2023-09-18T19:12:00","guid":{"rendered":"http:\/\/www.zonaroja.com.mx\/?p=59996"},"modified":"2023-09-18T09:23:35","modified_gmt":"2023-09-18T14:23:35","slug":"clima-extremo-en-mexico-impacta-en-precios-de-frutas-y-verduras","status":"publish","type":"post","link":"https:\/\/zonaroja.com.mx\/?p=59996","title":{"rendered":"Clima extremo en M\u00e9xico impacta en precios de frutas y verduras"},"content":{"rendered":"\n<p>Redacci\u00f3n\/Zona Roja Cdmx.<\/p>\n\n\n\n<p>Ciudad de M\u00e9xico, a 18 de septiembre de 2023.- La temperatura extrema que azota a algunos estados del pa\u00eds tiene el potencial de disminuir el rendimiento de los cultivos de las frutas y verduras, reduciendo su oferta en los mercados y, posiblemente, incrementando el precio de estos productos, concluy\u00f3 un estudio presentado por el Banco de M\u00e9xico (BdeM).&nbsp;<\/p>\n\n\n\n<p>Seg\u00fan el documento, los choques de temperatura asociados a ondas de calor tendr\u00e1n un impacto en el \u00edndice de precios de frutas y verduras si ocurren en un \u00e1rea productora importante durante una etapa cr\u00edtica del ciclo de cultivo.<\/p>\n\n\n\n<p>Estos choques de temperatura locales, a\u00f1adi\u00f3, impactar\u00edan primero los precios de los mercados m\u00e1s cercanos a las zonas productoras y, eventualmente, su efecto se diseminan al resto de los mercados a trav\u00e9s de las redes de comercializaci\u00f3n de frutas y verduras entre entidades.<\/p>\n\n\n\n<p>Como consecuencia de dichos choques, revel\u00f3, en septiembre de 2019 el precio de las frutas y verduras registr\u00f3 un aumento de 0.25 por ciento, mientras para el mismo mes de 2020 y 2022, el alza fue de 0.21 y 0.43 por ciento.&nbsp;<\/p>\n\n\n\n<p>Las ondas de calor son anomal\u00edas t\u00e9rmicas de al menos tres d\u00edas de duraci\u00f3n en las que las temperaturas m\u00e1ximas y m\u00ednimas registradas en un d\u00eda exceden simult\u00e1neamente un valor de referencia. En la \u00faltima d\u00e9cada, la recurrencia de las ondas de calor se ha incrementado en todo el pa\u00eds.<\/p>\n\n\n\n<p>Seg\u00fan la investigaci\u00f3n del BdeM, en el sur del pa\u00eds se concentran las entidades m\u00e1s calientes, siendo Tabasco y Yucat\u00e1n las entidades con mayor temperatura promedio de todo el pa\u00eds. Por el contrario, Tlaxcala y el estado de M\u00e9xico se distinguen como las entidades m\u00e1s fr\u00edas.<\/p>\n\n\n\n<p>El docuemnto se\u00f1ala que tras un seguimiento se apreci\u00f3 que la temperatura promedio observada durante la onda de calor de junio de 2023 en varias entidades se ubic\u00f3 por encima de sus valores m\u00e1ximos. Estos eventos t\u00e9rmicos extremos, se\u00f1ala el instituto central, se han vuelto cada vez m\u00e1s frecuentes.&nbsp;<\/p>\n\n\n\n<p>Destaca que, aunque la duraci\u00f3n de las ondas de calor ha aumentado de forma sostenida desde 2010, su incremento ha sido notable desde 2019, sobre todo en el sur y centro<\/p>\n\n\n\n<p>Aunque las frutas y verduras se producen en casi todo el territorio nacional, las regiones centro-norte y sur destacan por su aportaci\u00f3n a la producci\u00f3n nacional.<\/p>\n\n\n\n<p>En promedio, estas regiones concentran 74 por ciento de la oferta nacional de las 19 frutas y verduras consideradas en el an\u00e1lisis del BdeM, por lo que la producci\u00f3n nacional de frutas y verduras ser\u00e1 m\u00e1s susceptible a ondas de calor que ocurren en estas zonas.<\/p>\n\n\n\n<p>(Informaci\u00f3n de \u201cLa Jornada\u201d)<\/p>\n","protected":false},"excerpt":{"rendered":"<p>Redacci\u00f3n\/Zona Roja Cdmx. Ciudad de M\u00e9xico, a 18 de septiembre de 2023.- La temperatura extrema&hellip;<\/p>\n","protected":false},"author":2,"featured_media":36917,"comment_status":"closed","ping_status":"open","sticky":false,"template":"","format":"standard","meta":{"_lmt_disableupdate":"","_lmt_disable":"","_jetpack_memberships_contains_paid_content":false,"footnotes":""},"categories":[109,47],"tags":[],"class_list":["post-59996","post","type-post","status-publish","format-standard","has-post-thumbnail","hentry","category-minuto-a-minuto","category-zona-gris"],"jetpack_featured_media_url":"https:\/\/zonaroja.com.mx\/wp-content\/uploads\/2022\/01\/Mercado-frutas-y-verduras-scaled.jpg","jetpack_sharing_enabled":true,"_links":{"self":[{"href":"https:\/\/zonaroja.com.mx\/index.php?rest_route=\/wp\/v2\/posts\/59996","targetHints":{"allow":["GET"]}}],"collection":[{"href":"https:\/\/zonaroja.com.mx\/index.php?rest_route=\/wp\/v2\/posts"}],"about":[{"href":"https:\/\/zonaroja.com.mx\/index.php?rest_route=\/wp\/v2\/types\/post"}],"author":[{"embeddable":true,"href":"https:\/\/zonaroja.com.mx\/index.php?rest_route=\/wp\/v2\/users\/2"}],"replies":[{"embeddable":true,"href":"https:\/\/zonaroja.com.mx\/index.php?rest_route=%2Fwp%2Fv2%2Fcomments&post=59996"}],"version-history":[{"count":1,"href":"https:\/\/zonaroja.com.mx\/index.php?rest_route=\/wp\/v2\/posts\/59996\/revisions"}],"predecessor-version":[{"id":59997,"href":"https:\/\/zonaroja.com.mx\/index.php?rest_route=\/wp\/v2\/posts\/59996\/revisions\/59997"}],"wp:featuredmedia":[{"embeddable":true,"href":"https:\/\/zonaroja.com.mx\/index.php?rest_route=\/wp\/v2\/media\/36917"}],"wp:attachment":[{"href":"https:\/\/zonaroja.com.mx\/index.php?rest_route=%2Fwp%2Fv2%2Fmedia&parent=59996"}],"wp:term":[{"taxonomy":"category","embeddable":true,"href":"https:\/\/zonaroja.com.mx\/index.php?rest_route=%2Fwp%2Fv2%2Fcategories&post=59996"},{"taxonomy":"post_tag","embeddable":true,"href":"https:\/\/zonaroja.com.mx\/index.php?rest_route=%2Fwp%2Fv2%2Ftags&post=59996"}],"curies":[{"name":"wp","href":"https:\/\/api.w.org\/{rel}","templated":true}]}}