{"id":59998,"date":"2023-09-18T09:24:39","date_gmt":"2023-09-18T14:24:39","guid":{"rendered":"http:\/\/www.zonaroja.com.mx\/?p=59998"},"modified":"2023-09-18T09:24:41","modified_gmt":"2023-09-18T14:24:41","slug":"estrena-san-lorenzo-cacaotepec-acceso-carretero-pavimentado","status":"publish","type":"post","link":"https:\/\/zonaroja.com.mx\/?p=59998","title":{"rendered":"Estrena San Lorenzo Cacaotepec acceso carretero pavimentado"},"content":{"rendered":"\n<p>Redacci\u00f3n\/Zona Roja.<\/p>\n\n\n\n<p>Oaxaca de Ju\u00e1rez, Oax., a 18 de septiembre de 2023.- Este domingo la autoridad municipal de San Lorenzo Cacaotepec inaugur\u00f3 la pavimentaci\u00f3n del acceso a la cabecera, que requiri\u00f3 una inversi\u00f3n cercana a los cinco millones de pesos.<\/p>\n\n\n\n<p>Adem\u00e1s, durante el acto, la presidenta municipal Iris L\u00f3pez Zavaleta, anunci\u00f3 que el mandatario oaxaque\u00f1o Salom\u00f3n Jara Cruz se comprometi\u00f3 a apoyar con otros cuatro millones de pesos para ampliar esta obra.<\/p>\n\n\n\n<p>La construcci\u00f3n con pavimento con concreto hidr\u00e1ulico del camino de acceso a San Lorenzo Cacaotepec comprende el tramo La V\u00eda-La Capilla, con recursos por cuatro millones 970 mil pesos.<\/p>\n\n\n\n<p>Se trata de la pavimentaci\u00f3n de 420 metros lineales, con un ancho de vialidad de 7.5 metros, con un metro de banqueta de cada lado y una ciclov\u00eda de 1.50 metros de ancho.&nbsp;<\/p>\n\n\n\n<p>Tambi\u00e9n est\u00e1 contemplado dentro del proyecto el sistema de alumbrado p\u00fablico, se\u00f1al\u00e9tica, topes y reductores de velocidad.<\/p>\n\n\n\n<p>La autoridad municipal precis\u00f3 que la obra fue proyectada en tres etapas, siendo la primera la que se ejecut\u00f3 en tiempo y forma.<\/p>\n\n\n\n<p>Sin embargo, en la visita del gobernador de Oaxaca, Salom\u00f3n Jara Cruz a San Lorenzo Cacaotepec, el pasado 2 de agosto, anunci\u00f3 una inversi\u00f3n de cuatro millones de pesos m\u00e1s, para continuar estos trabajos, motivo por el que en este mismo 2023 se dar\u00e1 continuidad a la obra e iniciar\u00e1 la segunda etapa.<\/p>\n\n\n\n<p>La presidenta municipal Iris L\u00f3pez Zavaleta agradeci\u00f3 a nombre del Cabildo y de la poblaci\u00f3n el invaluable apoyo del mandatario estatal y reiter\u00f3 su compromiso de seguir apoyando la transformaci\u00f3n de Cacaotepec y del estado.<\/p>\n","protected":false},"excerpt":{"rendered":"<p>Redacci\u00f3n\/Zona Roja. Oaxaca de Ju\u00e1rez, Oax., a 18 de septiembre de 2023.- Este domingo la&hellip;<\/p>\n","protected":false},"author":2,"featured_media":59999,"comment_status":"closed","ping_status":"open","sticky":false,"template":"","format":"standard","meta":{"_lmt_disableupdate":"","_lmt_disable":"","_jetpack_memberships_contains_paid_content":false,"footnotes":""},"categories":[109,47],"tags":[846],"class_list":["post-59998","post","type-post","status-publish","format-standard","has-post-thumbnail","hentry","category-minuto-a-minuto","category-zona-gris","tag-san-lorenzo-cacaotepec"],"jetpack_featured_media_url":"https:\/\/zonaroja.com.mx\/wp-content\/uploads\/2023\/09\/Ayuntamiento-San-Lorenzo-Cacaotepec.jpg","jetpack_sharing_enabled":true,"_links":{"self":[{"href":"https:\/\/zonaroja.com.mx\/index.php?rest_route=\/wp\/v2\/posts\/59998","targetHints":{"allow":["GET"]}}],"collection":[{"href":"https:\/\/zonaroja.com.mx\/index.php?rest_route=\/wp\/v2\/posts"}],"about":[{"href":"https:\/\/zonaroja.com.mx\/index.php?rest_route=\/wp\/v2\/types\/post"}],"author":[{"embeddable":true,"href":"https:\/\/zonaroja.com.mx\/index.php?rest_route=\/wp\/v2\/users\/2"}],"replies":[{"embeddable":true,"href":"https:\/\/zonaroja.com.mx\/index.php?rest_route=%2Fwp%2Fv2%2Fcomments&post=59998"}],"version-history":[{"count":1,"href":"https:\/\/zonaroja.com.mx\/index.php?rest_route=\/wp\/v2\/posts\/59998\/revisions"}],"predecessor-version":[{"id":60000,"href":"https:\/\/zonaroja.com.mx\/index.php?rest_route=\/wp\/v2\/posts\/59998\/revisions\/60000"}],"wp:featuredmedia":[{"embeddable":true,"href":"https:\/\/zonaroja.com.mx\/index.php?rest_route=\/wp\/v2\/media\/59999"}],"wp:attachment":[{"href":"https:\/\/zonaroja.com.mx\/index.php?rest_route=%2Fwp%2Fv2%2Fmedia&parent=59998"}],"wp:term":[{"taxonomy":"category","embeddable":true,"href":"https:\/\/zonaroja.com.mx\/index.php?rest_route=%2Fwp%2Fv2%2Fcategories&post=59998"},{"taxonomy":"post_tag","embeddable":true,"href":"https:\/\/zonaroja.com.mx\/index.php?rest_route=%2Fwp%2Fv2%2Ftags&post=59998"}],"curies":[{"name":"wp","href":"https:\/\/api.w.org\/{rel}","templated":true}]}}