{"id":60004,"date":"2023-09-18T17:35:47","date_gmt":"2023-09-18T22:35:47","guid":{"rendered":"http:\/\/www.zonaroja.com.mx\/?p=60004"},"modified":"2023-09-18T21:35:18","modified_gmt":"2023-09-19T02:35:18","slug":"sigue-catem-con-extorsiones-a-empresas-y-ahora-contra-aurrera","status":"publish","type":"post","link":"https:\/\/zonaroja.com.mx\/?p=60004","title":{"rendered":"Sigue CATEM con extorsiones a empresas y ahora contra Aurrer\u00e1"},"content":{"rendered":"\n<p>Ismael Garc\u00eda M.\/Zona Roja.<\/p>\n\n\n\n<p>Oaxaca de Ju\u00e1rez, Oax., a 18 de septiembre de 2023.- La Confederaci\u00f3n Aut\u00f3noma de Trabajadores y Empleados de M\u00e9xico (CATEM) contin\u00faa con sus extorsiones a empresas en Oaxaca y ahora fue contra el centro comercial Aurrer\u00e1 establecido en el municipio de Huajuapan de Le\u00f3n.<\/p>\n\n\n\n<p>As\u00ed lo denunci\u00f3 el gobernador Salom\u00f3n Jara Cruz durante su conferencia matutina, en que pidi\u00f3 a ese sindicato y a la Confederaci\u00f3n de Trabajadores de M\u00e9xico (CTM) dejar los chantajes y conducirse con legalidad.<\/p>\n\n\n\n<p>\u201cQue nos mantengamos dentro del orden legal dentro de nuestro estado; aqu\u00ed no les cobramos comisi\u00f3n como antes; no les cobramos moches a ellos, para que sigan ah\u00ed haciendo cobros de piso u otras actividades bastante cuestionadas por la sociedad\u201d, dijo.<\/p>\n\n\n\n<p>Expuso que esta semana, CATEM presion\u00f3 a la tienda del grupo Walmart en Huajuapan, pues quieren controlar los servicios de recolecci\u00f3n de basura y particularmente el cart\u00f3n.<\/p>\n\n\n\n<p>\u201cAqu\u00ed mismo pas\u00f3 en Oaxaca, con una tienda muy importante, donde igual, los cartones son utilizadas por las empresas; hubo un convenio que nos gust\u00f3 mucho, para que se conviniera una parte, que se quedaran con un porcentaje; fue el 50 por ciento a cada uno\u201d, revel\u00f3.<\/p>\n\n\n\n<p>Por ello, llam\u00f3 tanto al corporativo Walmart a dialogar con el sindicato, pero \u00e9ste no tiene por qu\u00e9 estar cerrando las puertas, si hay di\u00e1logo, manifest\u00f3 Jara Cruz.<\/p>\n\n\n\n<p>\u201cPor eso hago un llamado a que se dialogue y se acuerde, pero no para afectar a una empresa ni \u00e9sta para afectar a los trabajadores; le quiero pedir a CATEM que dialoguen y no se quiere cerrar las tiendas como una medida de presi\u00f3n\u201d, manifest\u00f3.<\/p>\n\n\n\n<p>Cabe precisar que el pasado 4 de septiembre, el Gobernador del Estado denunci\u00f3 tambi\u00e9n al gremio sindical CATEM por extorsionar a tortiller\u00edas y cobrarles \u201cpiso\u201d, lo cual dijo, en ese entonces, se indagar\u00eda y sancionar\u00eda de manera responsable.<\/p>\n\n\n\n<figure class=\"wp-block-embed\"><div class=\"wp-block-embed__wrapper\">\nhttps:\/\/x.com\/zonaroja_oaxaca\/status\/1703817397168205900?s=46&#038;t=NSC9DgVZqVgwfDd_PrV_LQ\n<\/div><\/figure>\n\n\n\n<figure class=\"wp-block-embed\"><div class=\"wp-block-embed__wrapper\">\nhttps:\/\/x.com\/ZonaRoja_Oaxaca\/status\/1703817397168205900?s=20\n<\/div><\/figure>\n","protected":false},"excerpt":{"rendered":"<p>Ismael Garc\u00eda M.\/Zona Roja. Oaxaca de Ju\u00e1rez, Oax., a 18 de septiembre de 2023.- La&hellip;<\/p>\n","protected":false},"author":2,"featured_media":60005,"comment_status":"closed","ping_status":"open","sticky":false,"template":"","format":"standard","meta":{"_lmt_disableupdate":"","_lmt_disable":"","_jetpack_memberships_contains_paid_content":false,"footnotes":""},"categories":[109,47],"tags":[939],"class_list":["post-60004","post","type-post","status-publish","format-standard","has-post-thumbnail","hentry","category-minuto-a-minuto","category-zona-gris","tag-salomon-jara-cruz"],"jetpack_featured_media_url":"https:\/\/zonaroja.com.mx\/wp-content\/uploads\/2023\/09\/Conferencia-de-prensa-gobernador-Salomon-Jara.jpeg","jetpack_sharing_enabled":true,"_links":{"self":[{"href":"https:\/\/zonaroja.com.mx\/index.php?rest_route=\/wp\/v2\/posts\/60004","targetHints":{"allow":["GET"]}}],"collection":[{"href":"https:\/\/zonaroja.com.mx\/index.php?rest_route=\/wp\/v2\/posts"}],"about":[{"href":"https:\/\/zonaroja.com.mx\/index.php?rest_route=\/wp\/v2\/types\/post"}],"author":[{"embeddable":true,"href":"https:\/\/zonaroja.com.mx\/index.php?rest_route=\/wp\/v2\/users\/2"}],"replies":[{"embeddable":true,"href":"https:\/\/zonaroja.com.mx\/index.php?rest_route=%2Fwp%2Fv2%2Fcomments&post=60004"}],"version-history":[{"count":2,"href":"https:\/\/zonaroja.com.mx\/index.php?rest_route=\/wp\/v2\/posts\/60004\/revisions"}],"predecessor-version":[{"id":60016,"href":"https:\/\/zonaroja.com.mx\/index.php?rest_route=\/wp\/v2\/posts\/60004\/revisions\/60016"}],"wp:featuredmedia":[{"embeddable":true,"href":"https:\/\/zonaroja.com.mx\/index.php?rest_route=\/wp\/v2\/media\/60005"}],"wp:attachment":[{"href":"https:\/\/zonaroja.com.mx\/index.php?rest_route=%2Fwp%2Fv2%2Fmedia&parent=60004"}],"wp:term":[{"taxonomy":"category","embeddable":true,"href":"https:\/\/zonaroja.com.mx\/index.php?rest_route=%2Fwp%2Fv2%2Fcategories&post=60004"},{"taxonomy":"post_tag","embeddable":true,"href":"https:\/\/zonaroja.com.mx\/index.php?rest_route=%2Fwp%2Fv2%2Ftags&post=60004"}],"curies":[{"name":"wp","href":"https:\/\/api.w.org\/{rel}","templated":true}]}}