{"id":60007,"date":"2023-09-18T18:13:50","date_gmt":"2023-09-18T23:13:50","guid":{"rendered":"http:\/\/www.zonaroja.com.mx\/?p=60007"},"modified":"2023-09-18T18:13:54","modified_gmt":"2023-09-18T23:13:54","slug":"se-le-acumulan-conflictos-educativos-al-ieepo-por-inaccion","status":"publish","type":"post","link":"https:\/\/zonaroja.com.mx\/?p=60007","title":{"rendered":"Se le acumulan conflictos educativos al IEEPO, por inacci\u00f3n"},"content":{"rendered":"\n<p>Ismael Garc\u00eda M.\/Zona Roja.<\/p>\n\n\n\n<p>Oaxaca de Ju\u00e1rez, Oax., a 18 de septiembre de 2023.- A tres semanas de iniciado el ciclo escolar, persisten problem\u00e1ticas en escuelas de las regiones Valles Centrales e Istmo de Tehuantepec, por desatenci\u00f3n del Instituto Estatal de Educaci\u00f3n P\u00fablica de Oaxaca (IEEPO).<\/p>\n\n\n\n<p>Desde la ma\u00f1ana de hoy, docentes afiliados a la Secci\u00f3n 22 del SNTE bloquean la carretera Panamericana, tramo Santiago Niltepec-Santo Domingo Zanatepec, por un conflicto con un plantel en San Francisco del Mar.<\/p>\n\n\n\n<p>Los docentes denuncian que el IEEPO est\u00e1 permitiendo la creaci\u00f3n de una telesecundaria para beneficiar al Sindicato Independiente de Trabajadores de la Educaci\u00f3n de M\u00e9xico (SITEM), que dirige Humberto Alcal\u00e1 Betanzos.<\/p>\n\n\n\n<p>Ante la nula intervenci\u00f3n de la autoridad educativa, demandan ahora la renuncia del director de Planeaci\u00f3n del IEEPO, Florencio de la Cruz Valdivieso, pues aseguran que s\u00f3lo ha entorpecido las negociaciones y ha favorecido al gremio contrario a la Secci\u00f3n 22 del SNTE.<\/p>\n\n\n\n<p>Asimismo, los inconformes demandan soluci\u00f3n a diversos planteamientos en los diferentes niveles del sector Reforma de Pineda, entre los que destaca la entrega de uniformes escolares de dos ciclos escolares anteriores.<\/p>\n\n\n\n<p>TAMBI\u00c9N EN ETLA<\/p>\n\n\n\n<p>Por otra parte, otro conflicto latente es en la Villa de Etla, donde los padres de familia han rechazado a toda la plantilla escolar, de docentes afiliados al gremio magisterial mayoritario.<\/p>\n\n\n\n<p>El IEEPO \u00fanicamente reemplaz\u00f3 este lunes al director y al subdirector de la Escuela Secundaria T\u00e9cnica n\u00famero 84 y no al resto de profesores.<\/p>\n\n\n\n<p>Ante lo cual, los padres de familia mantienen cerrado el plantel, hasta en tanto no se cumpla la totalidad de sus demandas, que es el cambio de todo el personal, al que acusan de irresponsables y conflictivos.<\/p>\n","protected":false},"excerpt":{"rendered":"<p>Ismael Garc\u00eda M.\/Zona Roja. Oaxaca de Ju\u00e1rez, Oax., a 18 de septiembre de 2023.- A&hellip;<\/p>\n","protected":false},"author":2,"featured_media":60008,"comment_status":"closed","ping_status":"open","sticky":false,"template":"","format":"standard","meta":{"_lmt_disableupdate":"","_lmt_disable":"","_jetpack_memberships_contains_paid_content":false,"footnotes":""},"categories":[109,47],"tags":[2264],"class_list":["post-60007","post","type-post","status-publish","format-standard","has-post-thumbnail","hentry","category-minuto-a-minuto","category-zona-gris","tag-bloqueos-y-protestas-oaxaca"],"jetpack_featured_media_url":"https:\/\/zonaroja.com.mx\/wp-content\/uploads\/2023\/09\/Bloqueo-Seccion-22-Istmo.jpeg","jetpack_sharing_enabled":true,"_links":{"self":[{"href":"https:\/\/zonaroja.com.mx\/index.php?rest_route=\/wp\/v2\/posts\/60007","targetHints":{"allow":["GET"]}}],"collection":[{"href":"https:\/\/zonaroja.com.mx\/index.php?rest_route=\/wp\/v2\/posts"}],"about":[{"href":"https:\/\/zonaroja.com.mx\/index.php?rest_route=\/wp\/v2\/types\/post"}],"author":[{"embeddable":true,"href":"https:\/\/zonaroja.com.mx\/index.php?rest_route=\/wp\/v2\/users\/2"}],"replies":[{"embeddable":true,"href":"https:\/\/zonaroja.com.mx\/index.php?rest_route=%2Fwp%2Fv2%2Fcomments&post=60007"}],"version-history":[{"count":1,"href":"https:\/\/zonaroja.com.mx\/index.php?rest_route=\/wp\/v2\/posts\/60007\/revisions"}],"predecessor-version":[{"id":60009,"href":"https:\/\/zonaroja.com.mx\/index.php?rest_route=\/wp\/v2\/posts\/60007\/revisions\/60009"}],"wp:featuredmedia":[{"embeddable":true,"href":"https:\/\/zonaroja.com.mx\/index.php?rest_route=\/wp\/v2\/media\/60008"}],"wp:attachment":[{"href":"https:\/\/zonaroja.com.mx\/index.php?rest_route=%2Fwp%2Fv2%2Fmedia&parent=60007"}],"wp:term":[{"taxonomy":"category","embeddable":true,"href":"https:\/\/zonaroja.com.mx\/index.php?rest_route=%2Fwp%2Fv2%2Fcategories&post=60007"},{"taxonomy":"post_tag","embeddable":true,"href":"https:\/\/zonaroja.com.mx\/index.php?rest_route=%2Fwp%2Fv2%2Ftags&post=60007"}],"curies":[{"name":"wp","href":"https:\/\/api.w.org\/{rel}","templated":true}]}}