{"id":60010,"date":"2023-09-18T18:22:44","date_gmt":"2023-09-18T23:22:44","guid":{"rendered":"http:\/\/www.zonaroja.com.mx\/?p=60010"},"modified":"2023-09-18T18:22:47","modified_gmt":"2023-09-18T23:22:47","slug":"vela-la-ddhpo-por-la-proteccion-de-los-derechos-de-migrantes","status":"publish","type":"post","link":"https:\/\/zonaroja.com.mx\/?p=60010","title":{"rendered":"Vela la DDHPO por la protecci\u00f3n de los derechos de migrantes"},"content":{"rendered":"\n<p>Redacci\u00f3n\/Zona Roja.<\/p>\n\n\n\n<p>Oaxaca de Ju\u00e1rez, Oax., a 19 de septiembre de 2023.- La Defensor\u00eda de los Derechos Humanos del Pueblo de Oaxaca (DDHPO), ante el aumento de la presencia de personas extranjeras en contexto de migraci\u00f3n internacional que transitan por el estado de Oaxaca, ha impulsado que las distintas autoridades y poderes del Estado, en el \u00e1mbito de sus competencias y desde una perspectiva de respeto a los derechos humanos, emprendan acciones para atender las problem\u00e1ticas que se presentan ante este fen\u00f3meno.<\/p>\n\n\n\n<p>El trabajo de la Defensor\u00eda al respecto del tema ha sido amplio e integral, en las \u00faltimas cuatro semanas ha documentado diversas problem\u00e1ticas generadas principalmente en la regi\u00f3n del Istmo de Tehuantepec y en la ciudad de Oaxaca.&nbsp;<\/p>\n\n\n\n<p>El 28 de agosto del presente a\u00f1o este Organismo Defensor de los Derechos Humanos emiti\u00f3 la Alerta Temprana n\u00famero 04\/2023 en la cual la Defensor\u00eda ya advert\u00eda sobre el tema y solicit\u00f3 la intervenci\u00f3n de la Secretar\u00eda de Gobierno, la Secretar\u00eda de Salud y Direcci\u00f3n General de los Servicios de Salud de Oaxaca, la Secretar\u00eda de Seguridad y Protecci\u00f3n Ciudadana, la Coordinaci\u00f3n Estatal de Protecci\u00f3n Civil y Gesti\u00f3n de Riesgos, a la Direcci\u00f3n General de Sistema para el Desarrollo Integral de la Familia DIF Oaxaca, as\u00ed como a diversas autoridades municipales de la regi\u00f3n del Istmo.&nbsp;<\/p>\n\n\n\n<p>Asimismo, deriv\u00f3 a la Comisi\u00f3n Nacional de los Derechos Humanos los casos de su competencia por las presuntas violaciones a derechos humanos cometidas por personas servidoras p\u00fablicas del Instituto Nacional de Migraci\u00f3n.<\/p>\n\n\n\n<p>Por otra parte, en la ciudad de Oaxaca, los d\u00edas 22 y 29 de agosto del presente a\u00f1o la Defensor\u00eda sostuvo reuniones con las autoridades del municipio de Oaxaca de Ju\u00e1rez, quienes ya advert\u00edan igualmente el aumento de la presencia de migrantes extranjeros en las calles de la capital del estado y los diversos impactos en la comunidad.<\/p>\n\n\n\n<p>Es as\u00ed como el pasado 14 de septiembre, ante la falta de respuesta coordinada a esas problem\u00e1ticas por las diversas instancias gubernamentales, se suscit\u00f3 en la ciudad de Oaxaca una protesta de habitantes de la comunidad, quienes expresaron la ausencia de una gesti\u00f3n integral y adecuada de la presencia creciente de personas migrantes extranjeras en zonas muy focalizadas de la ciudad.&nbsp;<\/p>\n\n\n\n<p>Por ello, la Defensor\u00eda emiti\u00f3 medidas cautelares a la Secretar\u00eda de Seguridad y Protecci\u00f3n Ciudadana, al Coordinador Estatal de Protecci\u00f3n Civil y Gesti\u00f3n de Riesgos, a la Directora General de Sistema para el Desarrollo Integral de la Familia DIF Oaxaca, al Presidente Municipal de Oaxaca de Ju\u00e1rez y al Presidente Municipal de Santa Luc\u00eda del Camino, Centro, Oaxaca, para que de manera coordinada y en el \u00e1mbito de sus competencias, realizaran todas las acciones necesarias para garantizar la atenci\u00f3n humanitaria de urgencia a las personas en contexto de movilidad internacional que se encontraban en la Central de Abasto de la ciudad de Oaxaca, de manera prioritaria para aquellas personas que se encuentran en especial situaci\u00f3n de vulnerabilidad como ni\u00f1as, ni\u00f1os y adolescentes, mujeres embarazadas y en lactancia, personas mayores y con discapacidad. &nbsp;<\/p>\n\n\n\n<p>Asimismo se pidi\u00f3 la colaboraci\u00f3n del Instituto Nacional de Migraci\u00f3n y de la Guardia Nacional para que, en el \u00e1mbito de sus competencias, atendieran la problem\u00e1tica expuesta relacionada con las personas en contexto de migraci\u00f3n.<\/p>\n\n\n\n<p>Es de resaltar que ante esos hechos fue principalmente la sociedad civil, la que tuvo que intervenir y actuar para mitigar los efectos m\u00e1s graves de la problem\u00e1tica, principalmente otorgando ayuda humanitaria y alojamiento a familias y personas en situaci\u00f3n de especial vulnerabilidad.<\/p>\n\n\n\n<p>De igual forma, ante la complejidad de los problemas, la Defensor\u00eda ha profundizado los llamados a actuar en favor de las personas en contexto de movilidad humana, por lo que como acciones complementarias en seguimiento a la Alerta Temprana n\u00famero 04\/2023 solicit\u00f3 a la Procuradur\u00eda Federal de Protecci\u00f3n al Consumidor, que intervenga ante los abusos reportados por personas migrantes extranjeras, habitantes de diversas comunidades del Istmo de Tehuantepec e incluso autoridades de esa regi\u00f3n, quienes han se\u00f1alado que empresas de autotransporte cobran a los migrantes extranjeros tarifas de transporte p\u00fablico a un precio mucho mayor al establecido.&nbsp;<\/p>\n\n\n\n<p>Igual se solicit\u00f3 la intervenci\u00f3n, en el \u00e1mbito de sus atribuciones a la Secretar\u00eda de Infraestructura, Comunicaciones y Transportes, as\u00ed como de la Secretar\u00eda de Movilidad de Oaxaca. &nbsp;<\/p>\n\n\n\n<p>La Defensor\u00eda de los Derechos Humanos del Pueblo de Oaxaca recuerda que la Oficina del Alto Comisionado de Naciones Unidas para los Derechos Humanos ha acogido el Pacto Mundial para una migraci\u00f3n Segura, Ordenada y Regular como un marco importante para mejorar la gobernanza migratoria que pone a las personas migrantes y sus derechos en el centro y que ofrece una importante oportunidad para reforzar la protecci\u00f3n de los derechos humanos de todas las personas, al respecto, el Pacto al hablar de las responsabilidades compartidas precisa que: \u201c\u2026 es necesario aplicar un enfoque integral para optimizar los beneficios generales de la migraci\u00f3n, abordando al mismo tiempo los riesgos y desaf\u00edos a que se enfrentan las personas y las comunidades en los pa\u00edses de origen, tr\u00e1nsito y destino.\u201d<\/p>\n","protected":false},"excerpt":{"rendered":"<p>Redacci\u00f3n\/Zona Roja. Oaxaca de Ju\u00e1rez, Oax., a 19 de septiembre de 2023.- La Defensor\u00eda de&hellip;<\/p>\n","protected":false},"author":2,"featured_media":60011,"comment_status":"closed","ping_status":"open","sticky":false,"template":"","format":"standard","meta":{"_lmt_disableupdate":"","_lmt_disable":"","_jetpack_memberships_contains_paid_content":false,"footnotes":""},"categories":[109,46],"tags":[286],"class_list":["post-60010","post","type-post","status-publish","format-standard","has-post-thumbnail","hentry","category-minuto-a-minuto","category-zona-blanca","tag-defensoria-de-los-derechos-humanos-del-pueblo-de-oaxaca"],"jetpack_featured_media_url":"https:\/\/zonaroja.com.mx\/wp-content\/uploads\/2023\/09\/DDHPO-Defensoria-migrantes.jpeg","jetpack_sharing_enabled":true,"_links":{"self":[{"href":"https:\/\/zonaroja.com.mx\/index.php?rest_route=\/wp\/v2\/posts\/60010","targetHints":{"allow":["GET"]}}],"collection":[{"href":"https:\/\/zonaroja.com.mx\/index.php?rest_route=\/wp\/v2\/posts"}],"about":[{"href":"https:\/\/zonaroja.com.mx\/index.php?rest_route=\/wp\/v2\/types\/post"}],"author":[{"embeddable":true,"href":"https:\/\/zonaroja.com.mx\/index.php?rest_route=\/wp\/v2\/users\/2"}],"replies":[{"embeddable":true,"href":"https:\/\/zonaroja.com.mx\/index.php?rest_route=%2Fwp%2Fv2%2Fcomments&post=60010"}],"version-history":[{"count":1,"href":"https:\/\/zonaroja.com.mx\/index.php?rest_route=\/wp\/v2\/posts\/60010\/revisions"}],"predecessor-version":[{"id":60012,"href":"https:\/\/zonaroja.com.mx\/index.php?rest_route=\/wp\/v2\/posts\/60010\/revisions\/60012"}],"wp:featuredmedia":[{"embeddable":true,"href":"https:\/\/zonaroja.com.mx\/index.php?rest_route=\/wp\/v2\/media\/60011"}],"wp:attachment":[{"href":"https:\/\/zonaroja.com.mx\/index.php?rest_route=%2Fwp%2Fv2%2Fmedia&parent=60010"}],"wp:term":[{"taxonomy":"category","embeddable":true,"href":"https:\/\/zonaroja.com.mx\/index.php?rest_route=%2Fwp%2Fv2%2Fcategories&post=60010"},{"taxonomy":"post_tag","embeddable":true,"href":"https:\/\/zonaroja.com.mx\/index.php?rest_route=%2Fwp%2Fv2%2Ftags&post=60010"}],"curies":[{"name":"wp","href":"https:\/\/api.w.org\/{rel}","templated":true}]}}