{"id":60013,"date":"2023-09-18T21:31:32","date_gmt":"2023-09-19T02:31:32","guid":{"rendered":"http:\/\/www.zonaroja.com.mx\/?p=60013"},"modified":"2023-09-18T21:36:06","modified_gmt":"2023-09-19T02:36:06","slug":"denuncia-presidenta-municipal-de-choapam-presiones-y-violencia-de-genero","status":"publish","type":"post","link":"https:\/\/zonaroja.com.mx\/?p=60013","title":{"rendered":"Denuncia presidenta municipal de Cho\u00e1pam presiones y violencia de g\u00e9nero"},"content":{"rendered":"\n<p>Ismael Garc\u00eda M.\/Zona Roja.<\/p>\n\n\n\n<p>Oaxaca de Ju\u00e1rez, Oax., a 18 de septiembre de 2023.- La presidenta municipal de Santiago Cho\u00e1pam, Hermelanda Santiago Garc\u00eda, denunci\u00f3 amenazas de muerte en su contra, as\u00ed como violencia de g\u00e9nero, por parte de un grupo de pobladores de la agencia de Santa Mar\u00eda Yahuive.<\/p>\n\n\n\n<p>En conferencia de prensa en la capital, inform\u00f3 que ya interpuso una denuncia ante la Fiscal\u00eda General del Estado de Oaxaca y pidi\u00f3 un mayor apoyo de la Secretar\u00eda de Gobierno a fin de solucionar con di\u00e1logo el conflicto y que no derive en m\u00e1s hechos violentos.<\/p>\n\n\n\n<p>Y es que por primera vez, luego de varios trienios de convulsi\u00f3n social, el ayuntamiento de Cho\u00e1pam, presidido por una mujer, recuper\u00f3 el palacio municipal desde el 1 de enero pasado.<\/p>\n\n\n\n<p>Sin embargo, debido a la inconformidad de una agencia, Yahuive, que exige mayor cantidad de recursos presupuestales, deriv\u00f3 que desde el mes pasado la sede del ayuntamiento fuera \u201ctomada\u201d de nuevo.<\/p>\n\n\n\n<p>Inform\u00f3 que el Cabildo se integra por cada uno de los representantes de las agencias municipales, incluyendo Yahuive, y que se trabaja de manera coordinada; por primera vez se les suministra el recurso financiero que les corresponde.<\/p>\n\n\n\n<p>No ha sido como corresponde debido a las deudas que hered\u00f3, expuso Hermelanda Santiago, pero hay obras en todas las localidades, dijo en presencia de los concejales.<\/p>\n\n\n\n<p>\u201cEn a\u00f1os anteriores el palacio hab\u00eda estado cerrado y fue hasta este trienio en que logramos abrirlo, para trabajar conjuntamente con todos; lamentablemente con Yahuive no se ha podido conciliar, tener un buen acuerdo.<\/p>\n\n\n\n<p>\u201cEllos requieren un mayor recurso, que nosotros actualmente no podemos suministrarles por la misma situaci\u00f3n en que nos encontramos; recibimos una administraci\u00f3n en ceros, tenemos muchas deudas, por lo tanto estamos tratando de cubrir esas deudas y por ende no tenemos mayores recursos\u201d, explic\u00f3.<\/p>\n\n\n\n<p>Expuso que incluso ha sido v\u00edctima de violencia y amenazas para que se les d\u00e9 m\u00e1s dinero; \u201chan estado amedrent\u00e1ndonos, he tenido amenazas de manera directa; hemos tenido precauci\u00f3n para evitar m\u00e1s conflicto\u201d, indic\u00f3.<\/p>\n\n\n\n<p>Indic\u00f3 que con las dem\u00e1s agencias, que son San Juan del R\u00edo, Maninaltepec, San Juan Teotalcingo, Santo Domingo Latani y San Jacinto Yaveloxi, se ha estado trabajando sin problema.<\/p>\n\n\n\n<p>Pidi\u00f3 un mayor apoyo por parte del Gobierno del Estado para solucionar esta problem\u00e1tica, as\u00ed como para prever m\u00e1s hechos de violencia que pudieran afectarla a ella o a su familia.<\/p>\n\n\n\n<figure class=\"wp-block-embed\"><div class=\"wp-block-embed__wrapper\">\nhttps:\/\/x.com\/zonaroja_oaxaca\/status\/1703886766493647049?s=46&#038;t=NSC9DgVZqVgwfDd_PrV_LQ\n<\/div><\/figure>\n","protected":false},"excerpt":{"rendered":"<p>Ismael Garc\u00eda M.\/Zona Roja. Oaxaca de Ju\u00e1rez, Oax., a 18 de septiembre de 2023.- La&hellip;<\/p>\n","protected":false},"author":2,"featured_media":60014,"comment_status":"closed","ping_status":"open","sticky":false,"template":"","format":"standard","meta":{"_lmt_disableupdate":"","_lmt_disable":"","_jetpack_memberships_contains_paid_content":false,"footnotes":""},"categories":[109,47],"tags":[2409],"class_list":["post-60013","post","type-post","status-publish","format-standard","has-post-thumbnail","hentry","category-minuto-a-minuto","category-zona-gris","tag-santiago-choapam"],"jetpack_featured_media_url":"https:\/\/zonaroja.com.mx\/wp-content\/uploads\/2023\/09\/Presidenta-Santiago-Choapam-Hermelanda-Santiago-Garcia.jpg","jetpack_sharing_enabled":true,"_links":{"self":[{"href":"https:\/\/zonaroja.com.mx\/index.php?rest_route=\/wp\/v2\/posts\/60013","targetHints":{"allow":["GET"]}}],"collection":[{"href":"https:\/\/zonaroja.com.mx\/index.php?rest_route=\/wp\/v2\/posts"}],"about":[{"href":"https:\/\/zonaroja.com.mx\/index.php?rest_route=\/wp\/v2\/types\/post"}],"author":[{"embeddable":true,"href":"https:\/\/zonaroja.com.mx\/index.php?rest_route=\/wp\/v2\/users\/2"}],"replies":[{"embeddable":true,"href":"https:\/\/zonaroja.com.mx\/index.php?rest_route=%2Fwp%2Fv2%2Fcomments&post=60013"}],"version-history":[{"count":2,"href":"https:\/\/zonaroja.com.mx\/index.php?rest_route=\/wp\/v2\/posts\/60013\/revisions"}],"predecessor-version":[{"id":60017,"href":"https:\/\/zonaroja.com.mx\/index.php?rest_route=\/wp\/v2\/posts\/60013\/revisions\/60017"}],"wp:featuredmedia":[{"embeddable":true,"href":"https:\/\/zonaroja.com.mx\/index.php?rest_route=\/wp\/v2\/media\/60014"}],"wp:attachment":[{"href":"https:\/\/zonaroja.com.mx\/index.php?rest_route=%2Fwp%2Fv2%2Fmedia&parent=60013"}],"wp:term":[{"taxonomy":"category","embeddable":true,"href":"https:\/\/zonaroja.com.mx\/index.php?rest_route=%2Fwp%2Fv2%2Fcategories&post=60013"},{"taxonomy":"post_tag","embeddable":true,"href":"https:\/\/zonaroja.com.mx\/index.php?rest_route=%2Fwp%2Fv2%2Ftags&post=60013"}],"curies":[{"name":"wp","href":"https:\/\/api.w.org\/{rel}","templated":true}]}}