{"id":60018,"date":"2023-09-18T22:33:47","date_gmt":"2023-09-19T03:33:47","guid":{"rendered":"http:\/\/www.zonaroja.com.mx\/?p=60018"},"modified":"2023-09-18T22:33:49","modified_gmt":"2023-09-19T03:33:49","slug":"investiga-la-fiscalia-asesinato-de-un-canino-en-cacaloxtepec-oaxaca","status":"publish","type":"post","link":"https:\/\/zonaroja.com.mx\/?p=60018","title":{"rendered":"Investiga la Fiscal\u00eda asesinato de un canino, en Cacaloxtepec, Oaxaca"},"content":{"rendered":"\n<p>Redacci\u00f3n\/Zona Roja.<\/p>\n\n\n\n<p>Oaxaca de Ju\u00e1rez, Oax., a 18 septiembre de 2023.- La Fiscal\u00eda General del Estado inici\u00f3 una carpeta de investigaci\u00f3n por el delito de privaci\u00f3n de la vida de animal vertebrado, luego que se diera a conocer, a trav\u00e9s de redes sociales la comisi\u00f3n del delito cometido contra un perro, en hechos ocurridos en la regi\u00f3n Mixteca.<\/p>\n\n\n\n<p>De acuerdo con la carpeta de investigaci\u00f3n, el 13 de septiembre se difundi\u00f3 que un canino fue v\u00edctima de un ataque armado y posteriormente fue golpeado con una roca, lo que provoc\u00f3 su muerte y agon\u00eda.<\/p>\n\n\n\n<p>Los sucesos acontecieron en Santiago Cacaloxtepec, Huajuapan de Le\u00f3n, por lo cual la Fiscal\u00eda de Oaxaca, a trav\u00e9s de la Vicefiscal\u00eda Regional de la Mixteca inici\u00f3 de oficio, la carpeta de investigaci\u00f3n 31926\/FMIX\/HUAJUAPAN\/2023, a trav\u00e9s de la cual se indaga la responsabilidad del hecho.<\/p>\n\n\n\n<p>Asimismo, la FGEO inform\u00f3 que realiza las investigaciones correspondientes para obtener indicios que permitan esclarecer los hechos y dar con quien o quienes resulten responsables de estos hechos.<\/p>\n\n\n\n<p>Cabe destacar que entre enero y septiembre de este 2023, la Fiscal\u00eda de Oaxaca ha iniciado 95 carpetas de investigaci\u00f3n relacionadas con crueldad y agon\u00eda animal, as\u00ed como 14 por privaci\u00f3n de la vida de animal vertebrado.<\/p>\n\n\n\n<p>Ante ello, la instituci\u00f3n refrenda su compromiso de atender los casos de delitos cometidos contra animales vertebrados, pues la violencia en su contra est\u00e1 tipificada en el C\u00f3digo Penal del Estado de Oaxaca.<\/p>\n","protected":false},"excerpt":{"rendered":"<p>Redacci\u00f3n\/Zona Roja. Oaxaca de Ju\u00e1rez, Oax., a 18 septiembre de 2023.- La Fiscal\u00eda General del&hellip;<\/p>\n","protected":false},"author":2,"featured_media":56901,"comment_status":"closed","ping_status":"open","sticky":false,"template":"","format":"standard","meta":{"_lmt_disableupdate":"","_lmt_disable":"","_jetpack_memberships_contains_paid_content":false,"footnotes":""},"categories":[109,46],"tags":[494],"class_list":["post-60018","post","type-post","status-publish","format-standard","has-post-thumbnail","hentry","category-minuto-a-minuto","category-zona-blanca","tag-fiscalia-general-del-estado-de-oaxaca"],"jetpack_featured_media_url":"https:\/\/zonaroja.com.mx\/wp-content\/uploads\/2023\/06\/Maltrato-animal-4.jpeg","jetpack_sharing_enabled":true,"_links":{"self":[{"href":"https:\/\/zonaroja.com.mx\/index.php?rest_route=\/wp\/v2\/posts\/60018","targetHints":{"allow":["GET"]}}],"collection":[{"href":"https:\/\/zonaroja.com.mx\/index.php?rest_route=\/wp\/v2\/posts"}],"about":[{"href":"https:\/\/zonaroja.com.mx\/index.php?rest_route=\/wp\/v2\/types\/post"}],"author":[{"embeddable":true,"href":"https:\/\/zonaroja.com.mx\/index.php?rest_route=\/wp\/v2\/users\/2"}],"replies":[{"embeddable":true,"href":"https:\/\/zonaroja.com.mx\/index.php?rest_route=%2Fwp%2Fv2%2Fcomments&post=60018"}],"version-history":[{"count":1,"href":"https:\/\/zonaroja.com.mx\/index.php?rest_route=\/wp\/v2\/posts\/60018\/revisions"}],"predecessor-version":[{"id":60019,"href":"https:\/\/zonaroja.com.mx\/index.php?rest_route=\/wp\/v2\/posts\/60018\/revisions\/60019"}],"wp:featuredmedia":[{"embeddable":true,"href":"https:\/\/zonaroja.com.mx\/index.php?rest_route=\/wp\/v2\/media\/56901"}],"wp:attachment":[{"href":"https:\/\/zonaroja.com.mx\/index.php?rest_route=%2Fwp%2Fv2%2Fmedia&parent=60018"}],"wp:term":[{"taxonomy":"category","embeddable":true,"href":"https:\/\/zonaroja.com.mx\/index.php?rest_route=%2Fwp%2Fv2%2Fcategories&post=60018"},{"taxonomy":"post_tag","embeddable":true,"href":"https:\/\/zonaroja.com.mx\/index.php?rest_route=%2Fwp%2Fv2%2Ftags&post=60018"}],"curies":[{"name":"wp","href":"https:\/\/api.w.org\/{rel}","templated":true}]}}