{"id":60020,"date":"2023-09-18T23:08:27","date_gmt":"2023-09-19T04:08:27","guid":{"rendered":"http:\/\/www.zonaroja.com.mx\/?p=60020"},"modified":"2023-09-18T23:08:30","modified_gmt":"2023-09-19T04:08:30","slug":"crecen-inconformidades-en-san-antonio-de-la-cal-por-nulas-obras","status":"publish","type":"post","link":"https:\/\/zonaroja.com.mx\/?p=60020","title":{"rendered":"Crecen inconformidades en San Antonio de la Cal por nulas obras"},"content":{"rendered":"\n<p>Redacci\u00f3n\/Zona Roja.<\/p>\n\n\n\n<p>Oaxaca de Ju\u00e1rez, Oax., a 18 de septiembre de 2023.- Habitantes de la colonia Buenos Aires protestaron hoy en contra de la autoridad municipal de San Antonio de la Cal, por nulas obras y falta de servicios p\u00fablicos.<\/p>\n\n\n\n<p>En conferencia de prensa, detallaron que con anterioridad han solicitado la pavimentaci\u00f3n del acceso principal, que beneficiar\u00eda no solamente a los pobladores, sino tambi\u00e9n a cientos de estudiantes de diversos planteles educativos asentados en ese municipio conturbado a la capital.<\/p>\n\n\n\n<p>Pero adem\u00e1s, no hay servicios b\u00e1sicos como la recolecci\u00f3n de basura, por lo cual los desechos se acumulan en la v\u00eda p\u00fablica; la \u00fanica opci\u00f3n es el servicio particular, pero cobra de 70 a 80 pesos por llevarse una bolsa grande.<\/p>\n\n\n\n<p>\u201cLa inseguridad se ha vivido como un foco rojo; nos hemos manifestado, hemos pedido al presidente municipal (Porfirio Santos) nos apoye con la vigilancia pero no hemos tenido eco; mejor vino la Polic\u00eda Estatal a hacer sus rondines.<\/p>\n\n\n\n<p>\u201cEso es muestra de que efectivamente una vez m\u00e1s, el presidente municipal no quiere atender las demandas de la colonia Buenos Aires\u201d, se\u00f1alaron, al detallar tambi\u00e9n la grave problem\u00e1tica del dengue, y la autoridad brilla por su ausencia.<\/p>\n\n\n\n<p>\u201cEl presidente tiene la obligaci\u00f3n de cumplir; es avecindado y se comprometi\u00f3 a trabajar pero no lo ha hecho; hoy de manera pac\u00edfica le estamos pidiendo que cumpla, de lo contrario el d\u00eda de ma\u00f1ana estaremos tomando las calles para exigir nuestros derechos\u201d, se\u00f1alaron.<\/p>\n\n\n\n<figure class=\"wp-block-embed\"><div class=\"wp-block-embed__wrapper\">\nhttps:\/\/x.com\/ZonaRoja_Oaxaca\/status\/1703862878485242134?s=20\n<\/div><\/figure>\n","protected":false},"excerpt":{"rendered":"<p>Redacci\u00f3n\/Zona Roja. Oaxaca de Ju\u00e1rez, Oax., a 18 de septiembre de 2023.- Habitantes de la&hellip;<\/p>\n","protected":false},"author":2,"featured_media":60021,"comment_status":"closed","ping_status":"open","sticky":false,"template":"","format":"standard","meta":{"_lmt_disableupdate":"","_lmt_disable":"","_jetpack_memberships_contains_paid_content":false,"footnotes":""},"categories":[109,47],"tags":[875],"class_list":["post-60020","post","type-post","status-publish","format-standard","has-post-thumbnail","hentry","category-minuto-a-minuto","category-zona-gris","tag-san-antonio-de-la-cal"],"jetpack_featured_media_url":"https:\/\/zonaroja.com.mx\/wp-content\/uploads\/2023\/09\/Protesta-San-Antonio-de-la-Cal.jpg","jetpack_sharing_enabled":true,"_links":{"self":[{"href":"https:\/\/zonaroja.com.mx\/index.php?rest_route=\/wp\/v2\/posts\/60020","targetHints":{"allow":["GET"]}}],"collection":[{"href":"https:\/\/zonaroja.com.mx\/index.php?rest_route=\/wp\/v2\/posts"}],"about":[{"href":"https:\/\/zonaroja.com.mx\/index.php?rest_route=\/wp\/v2\/types\/post"}],"author":[{"embeddable":true,"href":"https:\/\/zonaroja.com.mx\/index.php?rest_route=\/wp\/v2\/users\/2"}],"replies":[{"embeddable":true,"href":"https:\/\/zonaroja.com.mx\/index.php?rest_route=%2Fwp%2Fv2%2Fcomments&post=60020"}],"version-history":[{"count":1,"href":"https:\/\/zonaroja.com.mx\/index.php?rest_route=\/wp\/v2\/posts\/60020\/revisions"}],"predecessor-version":[{"id":60022,"href":"https:\/\/zonaroja.com.mx\/index.php?rest_route=\/wp\/v2\/posts\/60020\/revisions\/60022"}],"wp:featuredmedia":[{"embeddable":true,"href":"https:\/\/zonaroja.com.mx\/index.php?rest_route=\/wp\/v2\/media\/60021"}],"wp:attachment":[{"href":"https:\/\/zonaroja.com.mx\/index.php?rest_route=%2Fwp%2Fv2%2Fmedia&parent=60020"}],"wp:term":[{"taxonomy":"category","embeddable":true,"href":"https:\/\/zonaroja.com.mx\/index.php?rest_route=%2Fwp%2Fv2%2Fcategories&post=60020"},{"taxonomy":"post_tag","embeddable":true,"href":"https:\/\/zonaroja.com.mx\/index.php?rest_route=%2Fwp%2Fv2%2Ftags&post=60020"}],"curies":[{"name":"wp","href":"https:\/\/api.w.org\/{rel}","templated":true}]}}