{"id":60023,"date":"2023-09-19T07:45:12","date_gmt":"2023-09-19T12:45:12","guid":{"rendered":"http:\/\/www.zonaroja.com.mx\/?p=60023"},"modified":"2023-09-19T07:45:18","modified_gmt":"2023-09-19T12:45:18","slug":"hoy-a-las-1100-simulacro-nacional-ante-sismos-sonaran-alertas","status":"publish","type":"post","link":"https:\/\/zonaroja.com.mx\/?p=60023","title":{"rendered":"Hoy a las 11:00, simulacro nacional ante sismos; sonar\u00e1n alertas"},"content":{"rendered":"\n<p>Redacci\u00f3n\/Zona Roja Cdmx.<\/p>\n\n\n\n<p>Ciudad de M\u00e9xico, a 19 de septiembre de 2023.- Como parte de los actos para recordar los terremotos de 1985 y 2017, el segundo simulacro nacional que se realizar\u00e1 hoy tendr\u00e1 diferentes hip\u00f3tesis de emergencia, desde sismos hasta huracanes, seg\u00fan cada regi\u00f3n del pa\u00eds, inform\u00f3 la Secretar\u00eda de Seguridad y Protecci\u00f3n Ciudadana (SSPC).<\/p>\n\n\n\n<p>Por medio de la Coordinaci\u00f3n Nacional de Protecci\u00f3n Civil, indic\u00f3 que este ejercicio se llevar\u00e1 a cabo a partir de las 11:00 horas, cuando sonar\u00e1 la alerta s\u00edsmica en los postes de emergencia, estaciones de radio, televisi\u00f3n, aplicaciones de tel\u00e9fonos m\u00f3viles y en los radiorreceptores ubicados en escuelas y oficinas para empezar el simulacro, cuya finalidad es comprobar la forma en la que la gente se organiza y el conocimiento que hay de los procedimientos de desalojo y puntos de reuni\u00f3n.<\/p>\n\n\n\n<p>Los escenarios de emergencia para la demostraci\u00f3n incluyen un sismo de magnitud 8 con epicentro en Acapulco, Guerrero, que afectar\u00eda adem\u00e1s a Oaxaca, Michoac\u00e1n y la Ciudad de M\u00e9xico; y otro de 7.8 en Bavispe, Sonora, con efectos en Chihuahua.<\/p>\n\n\n\n<p>Tambi\u00e9n se busca hacer los simulacros ante un posible arribo de huracanes de categor\u00eda 3 en el Caribe y el Golfo de M\u00e9xico, con llegada a Oth\u00f3n P. Blanco, Quintana Roo, y afectaciones en Veracruz, Puebla, Oaxaca, Tabasco, Chiapas, Campeche y Quintana Roo, as\u00ed como otro de categor\u00eda 4 en el oc\u00e9ano Pac\u00edfico que afectar\u00eda Los Cabos, Baja California Sur, Baja California y Sonora.<\/p>\n\n\n\n<p>En sitios del pa\u00eds donde existan otros factores de riesgo, como volcanes, inundaciones o deslaves, las autoridades de Protecci\u00f3n Civil desarrollar\u00e1n un escenario espec\u00edfico basado en las caracter\u00edsticas de su \u00e1rea geogr\u00e1fica.<\/p>\n\n\n\n<p>La SSPC indic\u00f3 que durante este ejercicio es necesario mantener la calma, desalojar con orden los edificios y situarse en el punto de reuni\u00f3n acordado, siguiendo las indicaciones de las brigadas internas de protecci\u00f3n civil.<\/p>\n\n\n\n<p>La dependencia que encabeza Rosa Icela Rodr\u00edguez \u201cinvita a participar en este ejercicio que busca promover la cultura de la protecci\u00f3n civil en la sociedad\u201d.<\/p>\n\n\n\n<p>(Informaci\u00f3n de \u201cLa Jornada\u201d)<\/p>\n","protected":false},"excerpt":{"rendered":"<p>Redacci\u00f3n\/Zona Roja Cdmx. Ciudad de M\u00e9xico, a 19 de septiembre de 2023.- Como parte de&hellip;<\/p>\n","protected":false},"author":2,"featured_media":46162,"comment_status":"closed","ping_status":"open","sticky":false,"template":"","format":"standard","meta":{"_lmt_disableupdate":"","_lmt_disable":"","_jetpack_memberships_contains_paid_content":false,"footnotes":""},"categories":[109,47],"tags":[],"class_list":["post-60023","post","type-post","status-publish","format-standard","has-post-thumbnail","hentry","category-minuto-a-minuto","category-zona-gris"],"jetpack_featured_media_url":"https:\/\/zonaroja.com.mx\/wp-content\/uploads\/2022\/09\/Proteccion-Civil-alerta-alarma-sismica.jpeg","jetpack_sharing_enabled":true,"_links":{"self":[{"href":"https:\/\/zonaroja.com.mx\/index.php?rest_route=\/wp\/v2\/posts\/60023","targetHints":{"allow":["GET"]}}],"collection":[{"href":"https:\/\/zonaroja.com.mx\/index.php?rest_route=\/wp\/v2\/posts"}],"about":[{"href":"https:\/\/zonaroja.com.mx\/index.php?rest_route=\/wp\/v2\/types\/post"}],"author":[{"embeddable":true,"href":"https:\/\/zonaroja.com.mx\/index.php?rest_route=\/wp\/v2\/users\/2"}],"replies":[{"embeddable":true,"href":"https:\/\/zonaroja.com.mx\/index.php?rest_route=%2Fwp%2Fv2%2Fcomments&post=60023"}],"version-history":[{"count":1,"href":"https:\/\/zonaroja.com.mx\/index.php?rest_route=\/wp\/v2\/posts\/60023\/revisions"}],"predecessor-version":[{"id":60024,"href":"https:\/\/zonaroja.com.mx\/index.php?rest_route=\/wp\/v2\/posts\/60023\/revisions\/60024"}],"wp:featuredmedia":[{"embeddable":true,"href":"https:\/\/zonaroja.com.mx\/index.php?rest_route=\/wp\/v2\/media\/46162"}],"wp:attachment":[{"href":"https:\/\/zonaroja.com.mx\/index.php?rest_route=%2Fwp%2Fv2%2Fmedia&parent=60023"}],"wp:term":[{"taxonomy":"category","embeddable":true,"href":"https:\/\/zonaroja.com.mx\/index.php?rest_route=%2Fwp%2Fv2%2Fcategories&post=60023"},{"taxonomy":"post_tag","embeddable":true,"href":"https:\/\/zonaroja.com.mx\/index.php?rest_route=%2Fwp%2Fv2%2Ftags&post=60023"}],"curies":[{"name":"wp","href":"https:\/\/api.w.org\/{rel}","templated":true}]}}