{"id":60036,"date":"2023-09-19T10:30:00","date_gmt":"2023-09-19T15:30:00","guid":{"rendered":"http:\/\/www.zonaroja.com.mx\/?p=60036"},"modified":"2023-09-19T08:12:24","modified_gmt":"2023-09-19T13:12:24","slug":"impulsa-fiscalia-creacion-de-unidad-de-atencion-a-personas-defensoras-de-derechos","status":"publish","type":"post","link":"https:\/\/zonaroja.com.mx\/?p=60036","title":{"rendered":"Impulsa Fiscal\u00eda creaci\u00f3n de Unidad de Atenci\u00f3n a Personas Defensoras de Derechos"},"content":{"rendered":"\n<p>Redacci\u00f3n\/Zona Roja.&nbsp;<\/p>\n\n\n\n<p>Oaxaca de Ju\u00e1rez, Oax., a 19 de septiembre de 2023.- Al acudir a la capacitaci\u00f3n sobre la importancia del Mecanismo de Protecci\u00f3n para Personas Defensoras de Derechos Humanos y Periodistas, as\u00ed como el arranque de la Campa\u00f1a de Visibilizaci\u00f3n de este sector de la sociedad, el Fiscal General de Oaxaca, Bernardo Rodr\u00edguez Alamilla anunci\u00f3 que, como parte de la reingenier\u00eda institucional de la FGEO, se impulsa la creaci\u00f3n de la Unidad de Atenci\u00f3n a Personas Defensoras de Derechos Humanos<\/p>\n\n\n\n<p>Ante la Coordinadora de Atenci\u00f3n a los Derechos Humanos del Poder Ejecutivo, Flor Estela Morales L\u00f3pez; el titular de la Defensor\u00eda P\u00fablica, Marcelo Merino Garc\u00eda; el comisionado Estatal de Atenci\u00f3n a V\u00edctimas, H\u00e9ctor Eduardo Vila Ortiz; as\u00ed como el director de Pol\u00edtica P\u00fablica del Mecanismo para la Protecci\u00f3n de Personas Defensoras de Derechos Humanos y Periodistas, Alan Iram Paz Arellano; el Fiscal de Oaxaca destac\u00f3 la creaci\u00f3n del Protocolo de Actuaci\u00f3n Ministerial para la Investigaci\u00f3n de Delitos cometidos en contra de Personas Defensoras de Derechos Humanos.<\/p>\n\n\n\n<p>En este sentido, detall\u00f3 que dicho documento fue publicado el 17 de mayo de 2023 y contempla la trilog\u00eda investigadora: Ministerio P\u00fablico, Servicios Periciales y Agencia Estatal de Investigaciones en delitos cometidos contra personas defensoras de derechos humanos.<\/p>\n\n\n\n<p>Por lo que, reiter\u00f3, este instrumento hace uso de las herramientas necesarias para la protecci\u00f3n de personas defensoras, al establecerse las medidas de prevenci\u00f3n y urgentes, en colaboraci\u00f3n con el Mecanismo Federal de Protecci\u00f3n a Personas Defensoras de Derechos Humanos y Periodistas.<\/p>\n\n\n\n<p>Y es que, dijo, en los \u00faltimos cinco a\u00f1os, la Fiscal\u00eda de Oaxaca ha iniciado 53 carpetas relacionadas con delitos cometidos contra personas defensoras, las cuales est\u00e1n en proceso de investigaci\u00f3n para alcanzar un resultado que permita mandar un mensaje de no impunidad y as\u00ed evitar que este tipo de hechos se repitan.<\/p>\n\n\n\n<p>De la misma forma, en materia de periodistas, detall\u00f3 que, de 2014 a la fecha, se tienen en tr\u00e1mite 37 carpetas, directamente relacionadas con el ejercicio de las y los comunicadores, de las cuales siete han sido judicializadas y se encuentran en proceso penal.<\/p>\n\n\n\n<p>\u201cLos retos, como es visible, son grandes, sin embargo, en el marco de un proceso de reingenier\u00eda institucional que se est\u00e1 llevando a cabo en la Fiscal\u00eda de Oaxaca, adem\u00e1s de la creaci\u00f3n del Protocolo de Actuaci\u00f3n Ministerial para la Investigaci\u00f3n de Delitos cometidos en contra de Personas Defensoras de Derechos Humanos, en los pr\u00f3ximos d\u00edas iniciaremos una capacitaci\u00f3n para su implementaci\u00f3n conjuntamente con la Agencia de los Estados Unidos para el Desarrollo Internacional&nbsp; (USAID, por sus siglas en ingl\u00e9s)\u201d, concluy\u00f3.<\/p>\n","protected":false},"excerpt":{"rendered":"<p>Redacci\u00f3n\/Zona Roja.&nbsp; Oaxaca de Ju\u00e1rez, Oax., a 19 de septiembre de 2023.- Al acudir a&hellip;<\/p>\n","protected":false},"author":2,"featured_media":60027,"comment_status":"closed","ping_status":"open","sticky":false,"template":"","format":"standard","meta":{"_lmt_disableupdate":"","_lmt_disable":"","_jetpack_memberships_contains_paid_content":false,"footnotes":""},"categories":[109,46],"tags":[494],"class_list":["post-60036","post","type-post","status-publish","format-standard","has-post-thumbnail","hentry","category-minuto-a-minuto","category-zona-blanca","tag-fiscalia-general-del-estado-de-oaxaca"],"jetpack_featured_media_url":"https:\/\/zonaroja.com.mx\/wp-content\/uploads\/2023\/09\/BOLETIN-379-Impulsa-Fiscalia-de-Oaxaca-creacion-de-Unidad-Especializada-de-Atencion-a-Personas-Defensoras-de-Derechos-Humanos-Rodriguez-Alamilla-3.jpeg","jetpack_sharing_enabled":true,"_links":{"self":[{"href":"https:\/\/zonaroja.com.mx\/index.php?rest_route=\/wp\/v2\/posts\/60036","targetHints":{"allow":["GET"]}}],"collection":[{"href":"https:\/\/zonaroja.com.mx\/index.php?rest_route=\/wp\/v2\/posts"}],"about":[{"href":"https:\/\/zonaroja.com.mx\/index.php?rest_route=\/wp\/v2\/types\/post"}],"author":[{"embeddable":true,"href":"https:\/\/zonaroja.com.mx\/index.php?rest_route=\/wp\/v2\/users\/2"}],"replies":[{"embeddable":true,"href":"https:\/\/zonaroja.com.mx\/index.php?rest_route=%2Fwp%2Fv2%2Fcomments&post=60036"}],"version-history":[{"count":1,"href":"https:\/\/zonaroja.com.mx\/index.php?rest_route=\/wp\/v2\/posts\/60036\/revisions"}],"predecessor-version":[{"id":60037,"href":"https:\/\/zonaroja.com.mx\/index.php?rest_route=\/wp\/v2\/posts\/60036\/revisions\/60037"}],"wp:featuredmedia":[{"embeddable":true,"href":"https:\/\/zonaroja.com.mx\/index.php?rest_route=\/wp\/v2\/media\/60027"}],"wp:attachment":[{"href":"https:\/\/zonaroja.com.mx\/index.php?rest_route=%2Fwp%2Fv2%2Fmedia&parent=60036"}],"wp:term":[{"taxonomy":"category","embeddable":true,"href":"https:\/\/zonaroja.com.mx\/index.php?rest_route=%2Fwp%2Fv2%2Fcategories&post=60036"},{"taxonomy":"post_tag","embeddable":true,"href":"https:\/\/zonaroja.com.mx\/index.php?rest_route=%2Fwp%2Fv2%2Ftags&post=60036"}],"curies":[{"name":"wp","href":"https:\/\/api.w.org\/{rel}","templated":true}]}}