{"id":60038,"date":"2023-09-19T11:30:00","date_gmt":"2023-09-19T16:30:00","guid":{"rendered":"http:\/\/www.zonaroja.com.mx\/?p=60038"},"modified":"2023-09-19T08:16:09","modified_gmt":"2023-09-19T13:16:09","slug":"cae-en-edomex-presunto-asesino-de-ana-maria-era-sobrina-de-ex-funcionario-colombiano","status":"publish","type":"post","link":"https:\/\/zonaroja.com.mx\/?p=60038","title":{"rendered":"Cae en Edomex presunto asesino de Ana Mar\u00eda; era sobrina de ex funcionario colombiano"},"content":{"rendered":"\n<p>Redacci\u00f3n\/Zona Roja Cdmx.<\/p>\n\n\n\n<p>Ciudad de M\u00e9xico, a 19 de septiembre de 2023.- La Fiscal\u00eda General de Justicia del Estado de M\u00e9xico inform\u00f3 de la aprehensi\u00f3n de Allan \u201cN\u201d, quien fue ingresado de manera preventiva al penal de Barrientos, como probable responsable del feminicidio de la estudiante de medicina Ana Mar\u00eda \u201cN\u201d, atacada en su domicilio el 12 de septiembre pasado.<\/p>\n\n\n\n<p>Ana Mar\u00eda era sobrina del ex ministro de Econom\u00eda y Comercio de Colombia Jos\u00e9 Manuel Restrepo Abondano, qui\u00e9n a trav\u00e9s de mensajes p\u00fablicos exigi\u00f3 justicia por la muerte de la joven de 18 a\u00f1os de edad.<\/p>\n\n\n\n<p>\u201cM\u00ed hija, Ana Mar\u00eda Serrano C\u00e9spedes, fue v\u00edctima de un feminicidio presuntamente por parte de su ex novio Allan Gil Romero en nuestra casa (ubicada en el fraccionamiento residencial Condado de Sayavedra)\u201d, denunci\u00f3 Ximena C\u00e9spedes, madre de la joven al difundir el caso en un video publicado en redes sociales con la etiqueta #JusticiaparaAnaMar\u00eda.<\/p>\n\n\n\n<p>La tambi\u00e9n presidenta del Comit\u00e9 de Comunicaci\u00f3n Interna de la Confederaci\u00f3n Patronal de la Rep\u00fablica Mexicana expuso que hace dos meses su hija, con mucho esfuerzo, ingres\u00f3 a la carrera de medicina y so\u00f1aba con ser cardi\u00f3loga.<\/p>\n\n\n\n<p>(Informaci\u00f3n de \u201cLa Jornada\u201d)<\/p>\n","protected":false},"excerpt":{"rendered":"<p>Redacci\u00f3n\/Zona Roja Cdmx. Ciudad de M\u00e9xico, a 19 de septiembre de 2023.- La Fiscal\u00eda General&hellip;<\/p>\n","protected":false},"author":2,"featured_media":60039,"comment_status":"closed","ping_status":"open","sticky":false,"template":"","format":"standard","meta":{"_lmt_disableupdate":"","_lmt_disable":"","_jetpack_memberships_contains_paid_content":false,"footnotes":""},"categories":[109,47],"tags":[],"class_list":["post-60038","post","type-post","status-publish","format-standard","has-post-thumbnail","hentry","category-minuto-a-minuto","category-zona-gris"],"jetpack_featured_media_url":"https:\/\/zonaroja.com.mx\/wp-content\/uploads\/2023\/09\/Feminicidio-Ana-Maria-Edomex.webp","jetpack_sharing_enabled":true,"_links":{"self":[{"href":"https:\/\/zonaroja.com.mx\/index.php?rest_route=\/wp\/v2\/posts\/60038","targetHints":{"allow":["GET"]}}],"collection":[{"href":"https:\/\/zonaroja.com.mx\/index.php?rest_route=\/wp\/v2\/posts"}],"about":[{"href":"https:\/\/zonaroja.com.mx\/index.php?rest_route=\/wp\/v2\/types\/post"}],"author":[{"embeddable":true,"href":"https:\/\/zonaroja.com.mx\/index.php?rest_route=\/wp\/v2\/users\/2"}],"replies":[{"embeddable":true,"href":"https:\/\/zonaroja.com.mx\/index.php?rest_route=%2Fwp%2Fv2%2Fcomments&post=60038"}],"version-history":[{"count":1,"href":"https:\/\/zonaroja.com.mx\/index.php?rest_route=\/wp\/v2\/posts\/60038\/revisions"}],"predecessor-version":[{"id":60040,"href":"https:\/\/zonaroja.com.mx\/index.php?rest_route=\/wp\/v2\/posts\/60038\/revisions\/60040"}],"wp:featuredmedia":[{"embeddable":true,"href":"https:\/\/zonaroja.com.mx\/index.php?rest_route=\/wp\/v2\/media\/60039"}],"wp:attachment":[{"href":"https:\/\/zonaroja.com.mx\/index.php?rest_route=%2Fwp%2Fv2%2Fmedia&parent=60038"}],"wp:term":[{"taxonomy":"category","embeddable":true,"href":"https:\/\/zonaroja.com.mx\/index.php?rest_route=%2Fwp%2Fv2%2Fcategories&post=60038"},{"taxonomy":"post_tag","embeddable":true,"href":"https:\/\/zonaroja.com.mx\/index.php?rest_route=%2Fwp%2Fv2%2Ftags&post=60038"}],"curies":[{"name":"wp","href":"https:\/\/api.w.org\/{rel}","templated":true}]}}