{"id":60043,"date":"2023-09-19T09:31:00","date_gmt":"2023-09-19T14:31:00","guid":{"rendered":"http:\/\/www.zonaroja.com.mx\/?p=60043"},"modified":"2023-09-19T10:36:28","modified_gmt":"2023-09-19T15:36:28","slug":"azerbaiyan-lanzo-un-ataque-contra-grupos-separatistas-en-nagorno-karabaj","status":"publish","type":"post","link":"https:\/\/zonaroja.com.mx\/?p=60043","title":{"rendered":"Azerbaiy\u00e1n lanz\u00f3 un ataque contra grupos separatistas en Nagorno-Karabaj"},"content":{"rendered":"\n<p>Redacci\u00f3n\/Zona Roja Cdmx.<\/p>\n\n\n\n<p>Ciudad de M\u00e9xico, a 19 de septiembre de 2023.- Azerbaiy\u00e1n dijo este martes que lanz\u00f3 \u201coperaciones antiterroristas\u201d en Nagorno-Karabaj, casi tres a\u00f1os despu\u00e9s de haber entrado en guerra por la disputada regi\u00f3n monta\u00f1osa con Armenia.<\/p>\n\n\n\n<p>\u201cHan comenzado operaciones antiterroristas de car\u00e1cter local en la regi\u00f3n\u201d, dijo el Ministerio de Defensa de Bak\u00fa, a\u00f1adiendo que estaba utilizando \u201carmas de alta precisi\u00f3n en la l\u00ednea del frente y en profundidad\u201d como parte de las operaciones.<\/p>\n\n\n\n<p>Defensa se\u00f1al\u00f3 que esta operaci\u00f3n busca \u201cgarantizar el cumplimiento de lo establecido en la declaraci\u00f3n a tres bandas\u201d entre Azerbaiy\u00e1n, Armenia y Rusia, que puso fin a la guerra de 2020, en la que Bak\u00fa recuper\u00f3 gran parte de los territorios perdidos durante la primera contienda en Nagorno Karabaj.<\/p>\n\n\n\n<p>Azerbaiy\u00e1n se\u00f1al\u00f3 que las acciones \u201cantiterroristas\u201d tienen como prop\u00f3sito \u201cexpulsar las formaciones armadas de Armenia\u201d de los territorios azerbaiyanos, \u201cneutralizar su infraestructura militar, garantizar la seguridad de la poblaci\u00f3n civil\u201d y restablecer el orden constitucional.<\/p>\n\n\n\n<p>El Ministerio de Defensa anunci\u00f3 el inicio de la operaci\u00f3n tras la muerte de seis azerbaiyanos -dos civiles y cuatro polic\u00edas- a consecuencia de la explosi\u00f3n de dos minas en la regi\u00f3n del Karabaj, y un ataque con morteros y armas ligeras en la regi\u00f3n de Agdam, donde radica el contingente de paz ruso.<\/p>\n\n\n\n<p>Bak\u00fa responsabiliz\u00f3 de estos incidentes a \u201cun grupo de sabotaje de formaciones militares ilegales armenias\u201d y abri\u00f3 una causa penal por terrorismo, asesinato premeditado en base a odio \u00e9tnico y portaci\u00f3n ilegal de armas y explosivos.<\/p>\n\n\n\n<p>Nagorno Karabaj, autoproclamado independiente en 1991, es desde entonces la manzana de la discordia entre Armenia y Azerbaiy\u00e1n, que se enfrentaron en dos guerras, una a principios de los noventa que concluy\u00f3 con la victoria armenia y otra en 2020, en la que vencieron los azerbaiyanos.<\/p>\n\n\n\n<p>El territorio pertenece bajo el Derecho Internacional a Azerbaiy\u00e1n, pero en \u00e9l viven armenios \u00e9tnicos.<\/p>\n\n\n\n<p>Como resultado de m\u00e1s reciente contienda de 44 d\u00edas, Bak\u00fa recuper\u00f3 m\u00e1s de dos tercios de territorio en la regi\u00f3n monta\u00f1osa y sus alrededores que hab\u00edan sido declarados zona de seguridad por Erev\u00e1n, si bien Armenia deb\u00eda conservar la comunicaci\u00f3n con el enclave a trav\u00e9s del corredor de Lach\u00edn, bloqueado por Azerbaiy\u00e1n desde hace nueve meses.<\/p>\n\n\n\n<p>a respuesta de Armenia<\/p>\n\n\n\n<p>Armenia neg\u00f3 este martes que sus tropas estuvieran presentes en la regi\u00f3n separatista de Nagorno-Karabaj, poblada por armenios, despu\u00e9s de que Azerbaiy\u00e1n anunciara que estaba lanzando \u201coperaciones antiterroristas\u201d all\u00ed.<\/p>\n\n\n\n<p>\u201cEl Ministerio de Defensa de Armenia ha declarado repetidamente, y vuelve a afirmar, que la Rep\u00fablica de Armenia no tiene ej\u00e9rcito en Nagorno-Karabaj\u201d, dijo su Ministerio de Defensa.<\/p>\n\n\n\n<p>Armenia dijo que las fuerzas de paz rusas en la regi\u00f3n separatista de Nagorno-Karabaj ser\u00e1n responsables de detener una llamada operaci\u00f3n antiterrorista lanzada por Azerbaiy\u00e1n en la regi\u00f3n monta\u00f1osa.<\/p>\n\n\n\n<p>(Informaci\u00f3n de agencias en Infobae)<\/p>\n","protected":false},"excerpt":{"rendered":"<p>Redacci\u00f3n\/Zona Roja Cdmx. Ciudad de M\u00e9xico, a 19 de septiembre de 2023.- Azerbaiy\u00e1n dijo este&hellip;<\/p>\n","protected":false},"author":2,"featured_media":60048,"comment_status":"closed","ping_status":"open","sticky":false,"template":"","format":"standard","meta":{"_lmt_disableupdate":"","_lmt_disable":"","_jetpack_memberships_contains_paid_content":false,"footnotes":""},"categories":[109,47],"tags":[3679],"class_list":["post-60043","post","type-post","status-publish","format-standard","has-post-thumbnail","hentry","category-minuto-a-minuto","category-zona-gris","tag-azerbaiyan-armenia-guerra"],"jetpack_featured_media_url":"https:\/\/zonaroja.com.mx\/wp-content\/uploads\/2023\/09\/Azerbaiyan-y-Armenia.webp","jetpack_sharing_enabled":true,"_links":{"self":[{"href":"https:\/\/zonaroja.com.mx\/index.php?rest_route=\/wp\/v2\/posts\/60043","targetHints":{"allow":["GET"]}}],"collection":[{"href":"https:\/\/zonaroja.com.mx\/index.php?rest_route=\/wp\/v2\/posts"}],"about":[{"href":"https:\/\/zonaroja.com.mx\/index.php?rest_route=\/wp\/v2\/types\/post"}],"author":[{"embeddable":true,"href":"https:\/\/zonaroja.com.mx\/index.php?rest_route=\/wp\/v2\/users\/2"}],"replies":[{"embeddable":true,"href":"https:\/\/zonaroja.com.mx\/index.php?rest_route=%2Fwp%2Fv2%2Fcomments&post=60043"}],"version-history":[{"count":1,"href":"https:\/\/zonaroja.com.mx\/index.php?rest_route=\/wp\/v2\/posts\/60043\/revisions"}],"predecessor-version":[{"id":60044,"href":"https:\/\/zonaroja.com.mx\/index.php?rest_route=\/wp\/v2\/posts\/60043\/revisions\/60044"}],"wp:featuredmedia":[{"embeddable":true,"href":"https:\/\/zonaroja.com.mx\/index.php?rest_route=\/wp\/v2\/media\/60048"}],"wp:attachment":[{"href":"https:\/\/zonaroja.com.mx\/index.php?rest_route=%2Fwp%2Fv2%2Fmedia&parent=60043"}],"wp:term":[{"taxonomy":"category","embeddable":true,"href":"https:\/\/zonaroja.com.mx\/index.php?rest_route=%2Fwp%2Fv2%2Fcategories&post=60043"},{"taxonomy":"post_tag","embeddable":true,"href":"https:\/\/zonaroja.com.mx\/index.php?rest_route=%2Fwp%2Fv2%2Ftags&post=60043"}],"curies":[{"name":"wp","href":"https:\/\/api.w.org\/{rel}","templated":true}]}}