{"id":60045,"date":"2023-09-19T12:12:00","date_gmt":"2023-09-19T17:12:00","guid":{"rendered":"http:\/\/www.zonaroja.com.mx\/?p=60045"},"modified":"2023-09-19T09:13:42","modified_gmt":"2023-09-19T14:13:42","slug":"gobernadores-del-pais-registran-bajas-en-aprobacion-mitofsky","status":"publish","type":"post","link":"https:\/\/zonaroja.com.mx\/?p=60045","title":{"rendered":"Gobernadores del pa\u00eds registran bajas en aprobaci\u00f3n: Mitofsky"},"content":{"rendered":"\n<p>Redacci\u00f3n\/Zona Roja Cdmx.<\/p>\n\n\n\n<p>Ciudad de M\u00e9xico, a 19 de septiembre de 2023.- De acuerdo con el \u201cRanking Mitofsky Cap\u00edtulo: gobernadores y gobernadoras de M\u00e9xico\u201d, medici\u00f3n realizada para \u201cEl Economista\u201d, en agosto pasado el aval que le dieron los mexicanos al jefe de Gobierno y gobernadores registr\u00f3 su segundo mes con descenso.<\/p>\n\n\n\n<p>La cifra para este mes se ubic\u00f3 en 50.2%, mientras que la del mes de julio fue 50.8, es decir una diferencia de 0.6 puntos.&nbsp;<\/p>\n\n\n\n<p>La encuesta tambi\u00e9n refiri\u00f3 que, de los 32 mandatarios, en 31 de los casos hubo registros a la baja, mientras que en uno (Marina del Pilar, de Baja California) la aprobaci\u00f3n qued\u00f3 igual (52.4%).<\/p>\n\n\n\n<p>Para agosto del 2023, un total de 19 gobernadores ten\u00edan un nivel de aprobaci\u00f3n alta (de 60 a 50%) entre los mandatarios se encuentra Mauricio Vila (Yucat\u00e1n) con 61.9%, Ricardo Gallardo (SLP) con 59% y Miguel Riquelme (Coah) con 58.8 por ciento.<\/p>\n\n\n\n<p>En este rango se sit\u00faa tambi\u00e9n el titular del Poder Ejecutivo de Oaxaca, Salom\u00f3n Jara Cruz, del Partido Morena, quien se ubica en el lugar 18 y tiene un 50.4% de aprobaci\u00f3n ciudadana, a 10 meses de haber asumido el gobierno.<\/p>\n\n\n\n<p>Por otra parte, en 11 entidades se indic\u00f3 que su gobernador tiene un aval medio (40 a 49%) y por \u00faltimo en dos estados se manifest\u00f3 contar con una aprobaci\u00f3n baja (menor a 40%).<\/p>\n\n\n\n<p>(Con informaci\u00f3n de \u201cEl Economista\u201d)<\/p>\n","protected":false},"excerpt":{"rendered":"<p>Redacci\u00f3n\/Zona Roja Cdmx. Ciudad de M\u00e9xico, a 19 de septiembre de 2023.- De acuerdo con&hellip;<\/p>\n","protected":false},"author":2,"featured_media":60046,"comment_status":"closed","ping_status":"open","sticky":false,"template":"","format":"standard","meta":{"_lmt_disableupdate":"","_lmt_disable":"","_jetpack_memberships_contains_paid_content":false,"footnotes":""},"categories":[109,46],"tags":[939],"class_list":["post-60045","post","type-post","status-publish","format-standard","has-post-thumbnail","hentry","category-minuto-a-minuto","category-zona-blanca","tag-salomon-jara-cruz"],"jetpack_featured_media_url":"https:\/\/zonaroja.com.mx\/wp-content\/uploads\/2023\/09\/Encuesta-Mitofsky.jpg","jetpack_sharing_enabled":true,"_links":{"self":[{"href":"https:\/\/zonaroja.com.mx\/index.php?rest_route=\/wp\/v2\/posts\/60045","targetHints":{"allow":["GET"]}}],"collection":[{"href":"https:\/\/zonaroja.com.mx\/index.php?rest_route=\/wp\/v2\/posts"}],"about":[{"href":"https:\/\/zonaroja.com.mx\/index.php?rest_route=\/wp\/v2\/types\/post"}],"author":[{"embeddable":true,"href":"https:\/\/zonaroja.com.mx\/index.php?rest_route=\/wp\/v2\/users\/2"}],"replies":[{"embeddable":true,"href":"https:\/\/zonaroja.com.mx\/index.php?rest_route=%2Fwp%2Fv2%2Fcomments&post=60045"}],"version-history":[{"count":1,"href":"https:\/\/zonaroja.com.mx\/index.php?rest_route=\/wp\/v2\/posts\/60045\/revisions"}],"predecessor-version":[{"id":60047,"href":"https:\/\/zonaroja.com.mx\/index.php?rest_route=\/wp\/v2\/posts\/60045\/revisions\/60047"}],"wp:featuredmedia":[{"embeddable":true,"href":"https:\/\/zonaroja.com.mx\/index.php?rest_route=\/wp\/v2\/media\/60046"}],"wp:attachment":[{"href":"https:\/\/zonaroja.com.mx\/index.php?rest_route=%2Fwp%2Fv2%2Fmedia&parent=60045"}],"wp:term":[{"taxonomy":"category","embeddable":true,"href":"https:\/\/zonaroja.com.mx\/index.php?rest_route=%2Fwp%2Fv2%2Fcategories&post=60045"},{"taxonomy":"post_tag","embeddable":true,"href":"https:\/\/zonaroja.com.mx\/index.php?rest_route=%2Fwp%2Fv2%2Ftags&post=60045"}],"curies":[{"name":"wp","href":"https:\/\/api.w.org\/{rel}","templated":true}]}}