{"id":60052,"date":"2023-09-19T18:58:28","date_gmt":"2023-09-19T23:58:28","guid":{"rendered":"http:\/\/www.zonaroja.com.mx\/?p=60052"},"modified":"2023-09-19T18:58:33","modified_gmt":"2023-09-19T23:58:33","slug":"crecen-protestas-de-la-seccion-22-ante-incapacidad-del-ieepo","status":"publish","type":"post","link":"https:\/\/zonaroja.com.mx\/?p=60052","title":{"rendered":"Crecen protestas de la Secci\u00f3n 22 ante incapacidad del IEEPO"},"content":{"rendered":"\n<p>Ismael Garc\u00eda M.\/Zona Roja.<\/p>\n\n\n\n<p>Oaxaca de Ju\u00e1rez, Oax., a 19 de septiembre de 2023.- A tres ascendi\u00f3 el n\u00famero de protestas este martes en contra del titular del IEEPO, Emilio Montero P\u00e9rez, ante la incapacidad para atender las demandas de la Secci\u00f3n 22 del SNTE.<\/p>\n\n\n\n<p>La m\u00e1s reciente manifestaci\u00f3n ocurri\u00f3 en el cruce de la avenida L\u00e1zaro C\u00e1rdenas con bulevar Eduardo Vasconcelos, ciudad de Oaxaca, donde un grupo de docentes del Nivel de Secundarias T\u00e9cnicas del magisterio bloque\u00f3 por unas horas el tr\u00e1nsito vehicular.<\/p>\n\n\n\n<p>Seg\u00fan inform\u00f3 quien dijo llamarse la profesora Ana, desde el 2014 han venido laborando al menos 542 docentes pero sin contrataci\u00f3n formal.<\/p>\n\n\n\n<p>Por lo cual se han movilizado en diversas ocasiones, incluyendo hoy, con la finalidad de que el Instituto Estatal de Educaci\u00f3n P\u00fablica de Oaxaca d\u00e9 una soluci\u00f3n, aprovechando la presencia en la entidad de la titular de la SEP, Leticia Ram\u00edrez Amaya.<\/p>\n\n\n\n<p>\u201cLes pedimos a las autoridades competentes que por favor tomen ya nuestros casos, tomen cartas en el asunto, que dejen de atrasar nuestros tr\u00e1mites; pedimos justicia laboral y el respaldo jur\u00eddico que nos han prometido desde el a\u00f1o 2014 para nuestra contrataci\u00f3n formal y nuestros pagos\u201d, dijo.<\/p>\n\n\n\n<p>En tanto, desde las 10:00 horas, una representaci\u00f3n de la Secci\u00f3n 22 del SNTE bloquea la avenida L\u00e1zaro C\u00e1rdenas, a la altura del Centro de Convenciones de Oaxaca, jurisdicci\u00f3n de Santa Mar\u00eda IXcotel, instal\u00f3 un \u201cplant\u00f3n\u201d con bloqueo.<\/p>\n\n\n\n<p>Ello para dar cobertura a una reuni\u00f3n de trabajo del Comit\u00e9 Ejecutivo Seccional con la titular de la Secretar\u00eda de Educaci\u00f3n P\u00fablica, Leticia Ram\u00edrez; el mandatario Salom\u00f3n Jara Cruz y autoridades educativas.<\/p>\n\n\n\n<p>La reuni\u00f3n contin\u00faa hasta esta tarde, al igual que la manifestaci\u00f3n pac\u00edfica en esa zona, lo que ha complicado el tr\u00e1nsito vehicular en esa parte oriente, conurbada con la ciudad de Oaxaca.<\/p>\n\n\n\n<p>Mientras tanto, por segundo d\u00eda consecutivo, afiliados al sindicato magisterial mayoritario, sector Reforma de Pineda, bloque\u00f3 hasta la tarde de hoy la carretera Panamericana, en la regi\u00f3n del Istmo, a la altura de R\u00edo Ostuta.<\/p>\n\n\n\n<p>La inconformidad es contra el IEEPO por permitir la creaci\u00f3n de un plantel en San Francisco del Mar, por parte del Sindicato Independiente de Trabajadores de la Educaci\u00f3n de M\u00e9xico, que dirige Humberto Alcal\u00e1 Betanzos.<\/p>\n\n\n\n<p>Retiraron la manifestaci\u00f3n alrededor de las 17:00 horas pero anunciaron que ma\u00f1ana de nuevo se instalar\u00e1n en \u201cplant\u00f3n\u201d hasta que haya respuesta positiva.<\/p>\n\n\n\n<figure class=\"wp-block-embed\"><div class=\"wp-block-embed__wrapper\">\nhttps:\/\/x.com\/ZonaRoja_Oaxaca\/status\/1704223043965382985?s=20\n<\/div><\/figure>\n","protected":false},"excerpt":{"rendered":"<p>Ismael Garc\u00eda M.\/Zona Roja. Oaxaca de Ju\u00e1rez, Oax., a 19 de septiembre de 2023.- A&hellip;<\/p>\n","protected":false},"author":2,"featured_media":60054,"comment_status":"closed","ping_status":"open","sticky":false,"template":"","format":"standard","meta":{"_lmt_disableupdate":"","_lmt_disable":"","_jetpack_memberships_contains_paid_content":false,"footnotes":""},"categories":[109,47],"tags":[312],"class_list":["post-60052","post","type-post","status-publish","format-standard","has-post-thumbnail","hentry","category-minuto-a-minuto","category-zona-gris","tag-seccion-22-del-snte"],"jetpack_featured_media_url":"https:\/\/zonaroja.com.mx\/wp-content\/uploads\/2023\/09\/Bloqueo-nivel-secundarias-tecnicas-Seccion-22.jpg","jetpack_sharing_enabled":true,"_links":{"self":[{"href":"https:\/\/zonaroja.com.mx\/index.php?rest_route=\/wp\/v2\/posts\/60052","targetHints":{"allow":["GET"]}}],"collection":[{"href":"https:\/\/zonaroja.com.mx\/index.php?rest_route=\/wp\/v2\/posts"}],"about":[{"href":"https:\/\/zonaroja.com.mx\/index.php?rest_route=\/wp\/v2\/types\/post"}],"author":[{"embeddable":true,"href":"https:\/\/zonaroja.com.mx\/index.php?rest_route=\/wp\/v2\/users\/2"}],"replies":[{"embeddable":true,"href":"https:\/\/zonaroja.com.mx\/index.php?rest_route=%2Fwp%2Fv2%2Fcomments&post=60052"}],"version-history":[{"count":1,"href":"https:\/\/zonaroja.com.mx\/index.php?rest_route=\/wp\/v2\/posts\/60052\/revisions"}],"predecessor-version":[{"id":60055,"href":"https:\/\/zonaroja.com.mx\/index.php?rest_route=\/wp\/v2\/posts\/60052\/revisions\/60055"}],"wp:featuredmedia":[{"embeddable":true,"href":"https:\/\/zonaroja.com.mx\/index.php?rest_route=\/wp\/v2\/media\/60054"}],"wp:attachment":[{"href":"https:\/\/zonaroja.com.mx\/index.php?rest_route=%2Fwp%2Fv2%2Fmedia&parent=60052"}],"wp:term":[{"taxonomy":"category","embeddable":true,"href":"https:\/\/zonaroja.com.mx\/index.php?rest_route=%2Fwp%2Fv2%2Fcategories&post=60052"},{"taxonomy":"post_tag","embeddable":true,"href":"https:\/\/zonaroja.com.mx\/index.php?rest_route=%2Fwp%2Fv2%2Ftags&post=60052"}],"curies":[{"name":"wp","href":"https:\/\/api.w.org\/{rel}","templated":true}]}}