{"id":60056,"date":"2023-09-19T21:24:47","date_gmt":"2023-09-20T02:24:47","guid":{"rendered":"http:\/\/www.zonaroja.com.mx\/?p=60056"},"modified":"2023-09-19T21:24:51","modified_gmt":"2023-09-20T02:24:51","slug":"concentran-25-municipios-el-80-de-delitos-en-oaxaca-presentan-estrategia-de-seguridad","status":"publish","type":"post","link":"https:\/\/zonaroja.com.mx\/?p=60056","title":{"rendered":"Concentran 25 municipios el 80% de delitos en Oaxaca; presentan estrategia de seguridad"},"content":{"rendered":"\n<p>Redacci\u00f3n\/Zona Roja.<\/p>\n\n\n\n<p>Oaxaca de Ju\u00e1rez, Oax., a 19 de septiembre de 2023.- S\u00f3lo 25 de los 570 municipios de Oaxaca concentra el 80 por ciento de los delitos que se registra en la entidad.<\/p>\n\n\n\n<p>En el Istmo se trata de Juchit\u00e1n de Zaragoza, Salina Cruz, Santo Domingo Tehuantepec, Ciudad Ixtepec y Mat\u00edas Romero Avenda\u00f1o; en la Costa, San Pedro Mixtepec, San Pedro Pochutla, Santa Mar\u00eda Huatulco, Santiago Pinotepa Nacional y Santa Mar\u00eda Colotepec.<\/p>\n\n\n\n<p>Mientras que la Mixteca, Huajuapan de Le\u00f3n, Heroica Ciudad de Tlaxiaco, Asunci\u00f3n Nochixtl\u00e1n, Santiago Juxtlahuaca y Tamazul\u00e1pam del Progreso; en Valles Centrales son Oaxaca de Ju\u00e1rez, Santa Cruz Xoxocotl\u00e1n, Santa Luc\u00eda del Camino, Santa Mar\u00eda Atzompa y Villa de Etla.<\/p>\n\n\n\n<p>Mientras que en la regi\u00f3n Cuenca est\u00e1n San Juan Bautista Tuxtepec, Loma Bonita, Acatl\u00e1n de P\u00e9rez, Figueroa, San Miguel Soyaltepec y San Juan Bautista Valle Nacional.<\/p>\n\n\n\n<p>A ellos estar\u00e1 enfocado el Programa para el Fortalecimiento de la Seguridad P\u00fablica de Oaxaca, anunci\u00f3 hoy el mandatario Salom\u00f3n Jara Cruz, desde el Palacio de Gobierno, en que estableci\u00f3 cuatro ejes principales, en que sobresale la prevenci\u00f3n:<\/p>\n\n\n\n<p>Atenci\u00f3n a las causas, bienestar y paz social; Mando de coordinaci\u00f3n y mejor polic\u00eda; Inteligencia y justicia, y Marco legal.<\/p>\n\n\n\n<p>La seguridad \u201chab\u00eda sido abandonada totalmente, hab\u00eda c\u00e1maras inservibles del C-4; hab\u00eda postes, antenas inservibles. Una irresponsabilidad del gobierno anterior\u201d, dijo el mandatario en su mensaje.<\/p>\n\n\n\n<figure class=\"wp-block-embed\"><div class=\"wp-block-embed__wrapper\">\nhttps:\/\/x.com\/ZonaRoja_Oaxaca\/status\/1704319465456816500?s=20\n<\/div><\/figure>\n\n\n\n<p>DETALLE DE LOS EJES<\/p>\n\n\n\n<p>Jara Cruz destac\u00f3 que desde el inicio de su administraci\u00f3n se plante\u00f3 la construcci\u00f3n de un Nuevo Pacto Social para la convivencia pac\u00edfica y segura, como uno de los pilares de la transformaci\u00f3n de Oaxaca.<\/p>\n\n\n\n<p>\u201cLa seguridad es un derecho y como gobierno vamos a garantizarla, por ello, juntos, de la mano de la sociedad lograremos que nuestra entidad sea un nuevo referente del desarrollo de M\u00e9xico mediante el reforzamiento de la estrategia estatal\u201d, asever\u00f3.<\/p>\n\n\n\n<p>De los ejes, el primero ser\u00e1 la Atenci\u00f3n a las Causas, Bienestar y Paz Social, el cual estar\u00e1 bajo la coordinaci\u00f3n del Secretariado Ejecutivo del Sistema Estatal de Seguridad P\u00fablica (SESESP). Este eje se enfocar\u00e1 en acciones y programas de oportunidades para el uso del tiempo a trav\u00e9s del arte, la cultura y el deporte, a fin de fomentar la cultura de la paz.<\/p>\n\n\n\n<p>Asimismo, impulsar\u00e1 diversas campa\u00f1as, como la de prevenci\u00f3n de adicciones en las juventudes oaxaque\u00f1as, y la de fomento de valores centrada en la perspectiva de g\u00e9nero para contrarrestar la pr\u00e1ctica machista que desvaloriza y violenta la libertad de la vida de las mujeres.<\/p>\n\n\n\n<p>Mediante el segundo eje, Mando de Coordinaci\u00f3n y Mejor Polic\u00eda a cargo de la Secretar\u00eda de Seguridad y Protecci\u00f3n Ciudadana (SSPC), se trabajar\u00e1 con los tres \u00f3rdenes de gobierno para capacitar al personal policiaco y mejorar sus condiciones laborales, para garantizar que sus acciones en el territorio se realicen de manera efectiva en cuanto a reacci\u00f3n y operaci\u00f3n, observando siempre un respeto absoluto por los derechos humanos.<\/p>\n\n\n\n<p>En tanto, la Fiscal\u00eda General del Estado (FGEO) atender\u00e1 el tercer eje, Inteligencia y Justicia, en el que a trav\u00e9s de la tecnolog\u00eda se implementar\u00e1 el sistema de vigilancia C5 para mejorar la procuraci\u00f3n de justicia, atacar los delitos cibern\u00e9ticos, promover la cultura de la denuncia y vinculaci\u00f3n con la ciudadan\u00eda, con el objetivo de recuperar la confianza de las y los oaxaque\u00f1as.<\/p>\n\n\n\n<p>El cuarto eje que implementar\u00e1 la Consejer\u00eda Jur\u00eddica y Asistencia Legal, es el de Marco Legal y Financiero, con el cual se trabajar\u00e1 de cerca con los \u00f3rdenes y poderes de gobierno a fin de actualizar y mejorar el marco normativo en materia de seguridad. A su vez, se realizar\u00e1n ajustes para hacer rendir el presupuesto, a fin de combatir de manera frontal la corrupci\u00f3n.<\/p>\n\n\n\n<p>El programa de Fortalecimiento de la Seguridad P\u00fablica del Estado de Oaxaca contempla la participaci\u00f3n directa de la sociedad.<\/p>\n","protected":false},"excerpt":{"rendered":"<p>Redacci\u00f3n\/Zona Roja. Oaxaca de Ju\u00e1rez, Oax., a 19 de septiembre de 2023.- S\u00f3lo 25 de&hellip;<\/p>\n","protected":false},"author":2,"featured_media":60057,"comment_status":"closed","ping_status":"open","sticky":false,"template":"","format":"standard","meta":{"_lmt_disableupdate":"","_lmt_disable":"","_jetpack_memberships_contains_paid_content":false,"footnotes":""},"categories":[109,46],"tags":[939],"class_list":["post-60056","post","type-post","status-publish","format-standard","has-post-thumbnail","hentry","category-minuto-a-minuto","category-zona-blanca","tag-salomon-jara-cruz"],"jetpack_featured_media_url":"https:\/\/zonaroja.com.mx\/wp-content\/uploads\/2023\/09\/Presentacion-programa-de-seguridad-Salomon-Jara.jpg","jetpack_sharing_enabled":true,"_links":{"self":[{"href":"https:\/\/zonaroja.com.mx\/index.php?rest_route=\/wp\/v2\/posts\/60056","targetHints":{"allow":["GET"]}}],"collection":[{"href":"https:\/\/zonaroja.com.mx\/index.php?rest_route=\/wp\/v2\/posts"}],"about":[{"href":"https:\/\/zonaroja.com.mx\/index.php?rest_route=\/wp\/v2\/types\/post"}],"author":[{"embeddable":true,"href":"https:\/\/zonaroja.com.mx\/index.php?rest_route=\/wp\/v2\/users\/2"}],"replies":[{"embeddable":true,"href":"https:\/\/zonaroja.com.mx\/index.php?rest_route=%2Fwp%2Fv2%2Fcomments&post=60056"}],"version-history":[{"count":1,"href":"https:\/\/zonaroja.com.mx\/index.php?rest_route=\/wp\/v2\/posts\/60056\/revisions"}],"predecessor-version":[{"id":60058,"href":"https:\/\/zonaroja.com.mx\/index.php?rest_route=\/wp\/v2\/posts\/60056\/revisions\/60058"}],"wp:featuredmedia":[{"embeddable":true,"href":"https:\/\/zonaroja.com.mx\/index.php?rest_route=\/wp\/v2\/media\/60057"}],"wp:attachment":[{"href":"https:\/\/zonaroja.com.mx\/index.php?rest_route=%2Fwp%2Fv2%2Fmedia&parent=60056"}],"wp:term":[{"taxonomy":"category","embeddable":true,"href":"https:\/\/zonaroja.com.mx\/index.php?rest_route=%2Fwp%2Fv2%2Fcategories&post=60056"},{"taxonomy":"post_tag","embeddable":true,"href":"https:\/\/zonaroja.com.mx\/index.php?rest_route=%2Fwp%2Fv2%2Ftags&post=60056"}],"curies":[{"name":"wp","href":"https:\/\/api.w.org\/{rel}","templated":true}]}}