{"id":60065,"date":"2023-09-20T08:01:21","date_gmt":"2023-09-20T13:01:21","guid":{"rendered":"http:\/\/www.zonaroja.com.mx\/?p=60065"},"modified":"2023-09-20T08:01:24","modified_gmt":"2023-09-20T13:01:24","slug":"hallan-a-ejecutado-embolsado-y-con-narcomensaje-en-zaachila-oaxaca","status":"publish","type":"post","link":"https:\/\/zonaroja.com.mx\/?p=60065","title":{"rendered":"Hallan a ejecutado, embolsado y con \u201cnarcomensaje\u201d en Zaachila, Oaxaca"},"content":{"rendered":"\n<p>Ismael Garc\u00eda M.\/Zona Roja.<\/p>\n\n\n\n<p>Oaxaca de Ju\u00e1rez, Oax., a 20 de septiembre de 2023.- Una persona del sexo masculino fue localizada sin vida en jurisdicci\u00f3n de la Villa de Zaachila, municipio de la regi\u00f3n Valles Centrales de Oaxaca.<\/p>\n\n\n\n<p>El cuerpo fue hallado alrededor de las 23:00 horas de ayer en un camino de terracer\u00eda que comunica con San Raymundo Jalpan; estaba envuelto en una cobija y encima ten\u00eda una cartulina con mensajes amenazantes contra cinco personas; presuntamente habr\u00eda sido ejecutado a balazos.<\/p>\n\n\n\n<p>Hasta el momento se desconoce la identidad de la v\u00edctima y personal del \u00e1rea de alto impacto de la Fiscal\u00eda General del Estado de Oaxaca concluy\u00f3 la madrugada de hoy el levantamiento de indicios, tras lo cual se inici\u00f3 la Carpeta de Investigaci\u00f3n correspondiente.<\/p>\n\n\n\n<p>Por otra parte, en Huajuapan de Le\u00f3n una persona present\u00f3 una denuncia ante la Vicefiscal\u00eda Regional de la Mixteca, dependiente de la Fiscal\u00eda General, tras un intento de asesinato en su contra.<\/p>\n\n\n\n<p>Seg\u00fan su versi\u00f3n, sujetos armados dispararon la noche del domingo en contra de su unidad de motor, una camioneta estacionada en la avenida La Ermita, cerca de una unidad deportiva de la colonia La Merced, com la intenci\u00f3n de asesinarlo.<\/p>\n\n\n\n<p>Sin embargo, \u00e9l reci\u00e9n hab\u00eda descendido del veh\u00edculo y se hallaba en la cancha de f\u00fatbol; el veh\u00edculo presenta al menos cuatro impactos de arma de fuego en el medall\u00f3n, por lo cual pidi\u00f3 a la autoridad ministerial se indague este hecho.<\/p>\n","protected":false},"excerpt":{"rendered":"<p>Ismael Garc\u00eda M.\/Zona Roja. Oaxaca de Ju\u00e1rez, Oax., a 20 de septiembre de 2023.- Una&hellip;<\/p>\n","protected":false},"author":2,"featured_media":60066,"comment_status":"closed","ping_status":"open","sticky":false,"template":"","format":"standard","meta":{"_lmt_disableupdate":"","_lmt_disable":"","_jetpack_memberships_contains_paid_content":false,"footnotes":""},"categories":[109,51],"tags":[155],"class_list":["post-60065","post","type-post","status-publish","format-standard","has-post-thumbnail","hentry","category-minuto-a-minuto","category-zona-roja","tag-villa-de-zaachila"],"jetpack_featured_media_url":"https:\/\/zonaroja.com.mx\/wp-content\/uploads\/2023\/09\/Ejecutado-Villa-de-Zaachila-19sept.jpg","jetpack_sharing_enabled":true,"_links":{"self":[{"href":"https:\/\/zonaroja.com.mx\/index.php?rest_route=\/wp\/v2\/posts\/60065","targetHints":{"allow":["GET"]}}],"collection":[{"href":"https:\/\/zonaroja.com.mx\/index.php?rest_route=\/wp\/v2\/posts"}],"about":[{"href":"https:\/\/zonaroja.com.mx\/index.php?rest_route=\/wp\/v2\/types\/post"}],"author":[{"embeddable":true,"href":"https:\/\/zonaroja.com.mx\/index.php?rest_route=\/wp\/v2\/users\/2"}],"replies":[{"embeddable":true,"href":"https:\/\/zonaroja.com.mx\/index.php?rest_route=%2Fwp%2Fv2%2Fcomments&post=60065"}],"version-history":[{"count":1,"href":"https:\/\/zonaroja.com.mx\/index.php?rest_route=\/wp\/v2\/posts\/60065\/revisions"}],"predecessor-version":[{"id":60067,"href":"https:\/\/zonaroja.com.mx\/index.php?rest_route=\/wp\/v2\/posts\/60065\/revisions\/60067"}],"wp:featuredmedia":[{"embeddable":true,"href":"https:\/\/zonaroja.com.mx\/index.php?rest_route=\/wp\/v2\/media\/60066"}],"wp:attachment":[{"href":"https:\/\/zonaroja.com.mx\/index.php?rest_route=%2Fwp%2Fv2%2Fmedia&parent=60065"}],"wp:term":[{"taxonomy":"category","embeddable":true,"href":"https:\/\/zonaroja.com.mx\/index.php?rest_route=%2Fwp%2Fv2%2Fcategories&post=60065"},{"taxonomy":"post_tag","embeddable":true,"href":"https:\/\/zonaroja.com.mx\/index.php?rest_route=%2Fwp%2Fv2%2Ftags&post=60065"}],"curies":[{"name":"wp","href":"https:\/\/api.w.org\/{rel}","templated":true}]}}