{"id":60075,"date":"2023-09-20T12:30:00","date_gmt":"2023-09-20T17:30:00","guid":{"rendered":"http:\/\/www.zonaroja.com.mx\/?p=60075"},"modified":"2023-09-20T09:12:41","modified_gmt":"2023-09-20T14:12:41","slug":"indispensable-abatir-la-corrupcion-para-recuperar-confianza-ciudadana-fiscal","status":"publish","type":"post","link":"https:\/\/zonaroja.com.mx\/?p=60075","title":{"rendered":"Indispensable abatir la corrupci\u00f3n para recuperar confianza ciudadana: Fiscal"},"content":{"rendered":"\n<p>Redacci\u00f3n\/Zona Roja.&nbsp;<\/p>\n\n\n\n<p>Oaxaca de Ju\u00e1rez, Oax., a 20 de septiembre de 2023.-&nbsp; Al inaugurar el taller \u201cLa rendici\u00f3n de cuentas en los \u00f3rganos internos de control\u201d, el Fiscal General del Estado de Oaxaca, Bernardo Rodr\u00edguez Alamilla resalt\u00f3 la importancia de los \u00d3rganos Internos de Control para el fortalecimiento de las instituciones y combate a la corrupci\u00f3n.<\/p>\n\n\n\n<p>Acompa\u00f1ado por la directora de la Casa de la Cultura Jur\u00eddica en Oaxaca, M\u00f3nica Rossana Z\u00e1rate Apak; el magistrado presidente del Tribunal de Justicia Administrativa del Estado de Oaxaca, Mateo Mart\u00ednez Mart\u00ednez; el Auditor Especial de Investigaci\u00f3n Administrativa, Leopoldo Barrera S\u00e1nchez; el consultor en materia de Control Interno, Jos\u00e9 Itzc\u00f3atl Bautista Bello y el Contralor Interno de la FGEO, Jorge Cruz Caballero; apunt\u00f3 que estos entes son vig\u00edas del ejercicio de las y los servidores p\u00fablicos.<\/p>\n\n\n\n<p>\u201cLa corrupci\u00f3n se ha enquistado en nuestro sistema pol\u00edtico, es por ello que en la atenci\u00f3n del problema no tiene cabida la simulaci\u00f3n, pues el informe de Transparencia Internacional, as\u00ed como de instituciones como la Secretar\u00eda de la Funci\u00f3n P\u00fablica, se\u00f1alan que la corrupci\u00f3n impacta entre un cinco y 10 por ciento del Producto Interno Bruto\u201d, apunt\u00f3.<\/p>\n\n\n\n<p>Lo anterior, sostuvo, implica que se sostengan y se fomenten sociedades desiguales, pues se ha observado que estas pr\u00e1cticas afectan en mayor medida a grupos hist\u00f3ricamente vulnerables, por ejemplo, ni\u00f1as, ni\u00f1os, y adolescentes, personas mayores, personas con discapacidad, mujeres o personas en situaci\u00f3n de reclusi\u00f3n.<\/p>\n\n\n\n<p>La corrupci\u00f3n, reiter\u00f3, socava la confianza de la sociedad en las instituciones, provocando un c\u00edrculo vicioso que fomenta este tipo de pr\u00e1cticas, es por ello que desde la Fiscal\u00eda de Oaxaca se ha iniciado un proceso de reingenier\u00eda institucional que implica atender la problem\u00e1tica.<\/p>\n\n\n\n<p>&nbsp;Como parte de esta estrategia, indic\u00f3 Rodr\u00edguez Alamilla, se han establecido convenios con organizaciones de la sociedad civil, como es el caso de Tojil, con la cual se puso en marcha la estrategia de TEO, un asistente virtual que permite identificar y combatir actos de corrupci\u00f3n.<\/p>\n\n\n\n<p>As\u00ed tambi\u00e9n, detall\u00f3, desde la Contralor\u00eda Interna se han establecido estrategias de detecci\u00f3n y vigilancia de \u00e1reas espec\u00edficas, que tienen un alto contacto con la sociedad, por lo cual podr\u00edan ser susceptibles a pr\u00e1cticas ilegales.<\/p>\n\n\n\n<p>A la par, resalt\u00f3, desde la Contralor\u00eda Interna de la FGEO se han puesto en marcha acciones de capacitaci\u00f3n y vinculaci\u00f3n con otros \u00f3rganos de control de organismos aut\u00f3nomos, lo que permiti\u00f3 la realizaci\u00f3n del taller en el que participaron destacadas personalidades del ramo.<\/p>\n","protected":false},"excerpt":{"rendered":"<p>Redacci\u00f3n\/Zona Roja.&nbsp; Oaxaca de Ju\u00e1rez, Oax., a 20 de septiembre de 2023.-&nbsp; Al inaugurar el&hellip;<\/p>\n","protected":false},"author":2,"featured_media":60076,"comment_status":"closed","ping_status":"open","sticky":false,"template":"","format":"standard","meta":{"_lmt_disableupdate":"","_lmt_disable":"","_jetpack_memberships_contains_paid_content":false,"footnotes":""},"categories":[109,46],"tags":[494],"class_list":["post-60075","post","type-post","status-publish","format-standard","has-post-thumbnail","hentry","category-minuto-a-minuto","category-zona-blanca","tag-fiscalia-general-del-estado-de-oaxaca"],"jetpack_featured_media_url":"https:\/\/zonaroja.com.mx\/wp-content\/uploads\/2023\/09\/BOLETIN-382-Organos-Internos-de-Control-fundamentales-en-el-fortalecimiento-de-las-instituciones-Rodriguez-Alamilla-2.jpeg","jetpack_sharing_enabled":true,"_links":{"self":[{"href":"https:\/\/zonaroja.com.mx\/index.php?rest_route=\/wp\/v2\/posts\/60075","targetHints":{"allow":["GET"]}}],"collection":[{"href":"https:\/\/zonaroja.com.mx\/index.php?rest_route=\/wp\/v2\/posts"}],"about":[{"href":"https:\/\/zonaroja.com.mx\/index.php?rest_route=\/wp\/v2\/types\/post"}],"author":[{"embeddable":true,"href":"https:\/\/zonaroja.com.mx\/index.php?rest_route=\/wp\/v2\/users\/2"}],"replies":[{"embeddable":true,"href":"https:\/\/zonaroja.com.mx\/index.php?rest_route=%2Fwp%2Fv2%2Fcomments&post=60075"}],"version-history":[{"count":1,"href":"https:\/\/zonaroja.com.mx\/index.php?rest_route=\/wp\/v2\/posts\/60075\/revisions"}],"predecessor-version":[{"id":60077,"href":"https:\/\/zonaroja.com.mx\/index.php?rest_route=\/wp\/v2\/posts\/60075\/revisions\/60077"}],"wp:featuredmedia":[{"embeddable":true,"href":"https:\/\/zonaroja.com.mx\/index.php?rest_route=\/wp\/v2\/media\/60076"}],"wp:attachment":[{"href":"https:\/\/zonaroja.com.mx\/index.php?rest_route=%2Fwp%2Fv2%2Fmedia&parent=60075"}],"wp:term":[{"taxonomy":"category","embeddable":true,"href":"https:\/\/zonaroja.com.mx\/index.php?rest_route=%2Fwp%2Fv2%2Fcategories&post=60075"},{"taxonomy":"post_tag","embeddable":true,"href":"https:\/\/zonaroja.com.mx\/index.php?rest_route=%2Fwp%2Fv2%2Ftags&post=60075"}],"curies":[{"name":"wp","href":"https:\/\/api.w.org\/{rel}","templated":true}]}}