{"id":60080,"date":"2023-09-20T14:14:00","date_gmt":"2023-09-20T19:14:00","guid":{"rendered":"http:\/\/www.zonaroja.com.mx\/?p=60080"},"modified":"2023-09-20T09:16:00","modified_gmt":"2023-09-20T14:16:00","slug":"ucrania-acusa-genocidio-de-rusia-ante-la-onu-por-secuestro-de-ninos","status":"publish","type":"post","link":"https:\/\/zonaroja.com.mx\/?p=60080","title":{"rendered":"Ucrania acusa \u00abgenocidio\u00bb de Rusia ante la ONU por secuestro de ni\u00f1os"},"content":{"rendered":"\n<p>Redacci\u00f3n\/Zona Roja Cdmx.<\/p>\n\n\n\n<p>Ciudad de M\u00e9xico, a 20 de septiembre de 2023.- El presidente ucraniano, Volodimir Zelensky, dijo que Rusia est\u00e1 llevando a cabo un \u00abgenocidio\u00bb con el secuestro de ni\u00f1os de Ucrania, en un llamado por la solidaridad ante la Asamblea General de las Naciones Unidas.<\/p>\n\n\n\n<p>Vestido de verde oliva, como siempre ha hecho desde el inicio de la guerra, Zelensky dio un discurso en el que reiter\u00f3 su llamado a una cumbre de naciones con ideas afines.<\/p>\n\n\n\n<p>\u00abA esos ni\u00f1os en Rusia se les ense\u00f1a a odiar a Ucrania y se rompen todos los lazos con sus familias. Y esto es claramente un genocidio (&#8230;)&nbsp;Estamos preparando una Cumbre Mundial por la Paz. Les invito a todos ustedes, a todos los que no toleran ninguna agresi\u00f3n, a preparar conjuntamente la cumbre\u00bb, dijo Zelensky.<\/p>\n\n\n\n<p>En ingl\u00e9s, Zelensky afirm\u00f3&nbsp;que no se puede se puede permitir que Rusia posea armas nucleares, en referencia a su condici\u00f3n como miembro&nbsp;permanente del Consejo de Seguridad.<\/p>\n\n\n\n<p>\u00abLos terroristas no tienen derecho a poseer armas nucleares\u00bb, dijo.<\/p>\n\n\n\n<p>Tambi\u00e9n denunci\u00f3 que el gobierno del presidente ruso, Vladimir Putin, por utilizar tanto la energ\u00eda como los alimentos como \u00abarma\u00bb para presionar al mundo.<\/p>\n\n\n\n<p>\u00abEl agresor est\u00e1 utilizando como arma muchas otras cosas y esas cosas las utiliza no s\u00f3lo contra nuestro pa\u00eds, sino tambi\u00e9n contra los de ustedes\u00bb, dijo.<\/p>\n\n\n\n<p>PRIMERA VISITA<\/p>\n\n\n\n<p>Es la primera vez que Zelensky se presenta en persona ante el foro de la ONU desde que inici\u00f3 su gesti\u00f3n como presidente y desde que inici\u00f3 el conflicto armado&nbsp;con Rusia.&nbsp;<\/p>\n\n\n\n<p>Su llegada fue notificada por \u00e9l mismo desde su cuenta oficial de X, antes Twitter, en la que agradeci\u00f3 a las organizaciones m\u00e9dicas que atienden a sus tropas en la guerra.<\/p>\n\n\n\n<p>\u201cHe comenzado mi visita a Estados Unidos con lo m\u00e1s importante: reunirme con nuestros combatientes heridos en el Hospital Universitario de Staten Island\u201d, escribi\u00f3 Zelensky esta madrugada en su cuenta de la red social X.<\/p>\n\n\n\n<p>(Informaci\u00f3n de la agencia AFP en \u201cMilenio\u201d)<\/p>\n","protected":false},"excerpt":{"rendered":"<p>Redacci\u00f3n\/Zona Roja Cdmx. Ciudad de M\u00e9xico, a 20 de septiembre de 2023.- El presidente ucraniano,&hellip;<\/p>\n","protected":false},"author":2,"featured_media":54362,"comment_status":"closed","ping_status":"open","sticky":false,"template":"","format":"standard","meta":{"_lmt_disableupdate":"","_lmt_disable":"","_jetpack_memberships_contains_paid_content":false,"footnotes":""},"categories":[109,47],"tags":[3040],"class_list":["post-60080","post","type-post","status-publish","format-standard","has-post-thumbnail","hentry","category-minuto-a-minuto","category-zona-gris","tag-conflicto-ucrania-rusia-2"],"jetpack_featured_media_url":"https:\/\/zonaroja.com.mx\/wp-content\/uploads\/2023\/04\/Volodimir-Zelensky.jpeg","jetpack_sharing_enabled":true,"_links":{"self":[{"href":"https:\/\/zonaroja.com.mx\/index.php?rest_route=\/wp\/v2\/posts\/60080","targetHints":{"allow":["GET"]}}],"collection":[{"href":"https:\/\/zonaroja.com.mx\/index.php?rest_route=\/wp\/v2\/posts"}],"about":[{"href":"https:\/\/zonaroja.com.mx\/index.php?rest_route=\/wp\/v2\/types\/post"}],"author":[{"embeddable":true,"href":"https:\/\/zonaroja.com.mx\/index.php?rest_route=\/wp\/v2\/users\/2"}],"replies":[{"embeddable":true,"href":"https:\/\/zonaroja.com.mx\/index.php?rest_route=%2Fwp%2Fv2%2Fcomments&post=60080"}],"version-history":[{"count":1,"href":"https:\/\/zonaroja.com.mx\/index.php?rest_route=\/wp\/v2\/posts\/60080\/revisions"}],"predecessor-version":[{"id":60081,"href":"https:\/\/zonaroja.com.mx\/index.php?rest_route=\/wp\/v2\/posts\/60080\/revisions\/60081"}],"wp:featuredmedia":[{"embeddable":true,"href":"https:\/\/zonaroja.com.mx\/index.php?rest_route=\/wp\/v2\/media\/54362"}],"wp:attachment":[{"href":"https:\/\/zonaroja.com.mx\/index.php?rest_route=%2Fwp%2Fv2%2Fmedia&parent=60080"}],"wp:term":[{"taxonomy":"category","embeddable":true,"href":"https:\/\/zonaroja.com.mx\/index.php?rest_route=%2Fwp%2Fv2%2Fcategories&post=60080"},{"taxonomy":"post_tag","embeddable":true,"href":"https:\/\/zonaroja.com.mx\/index.php?rest_route=%2Fwp%2Fv2%2Ftags&post=60080"}],"curies":[{"name":"wp","href":"https:\/\/api.w.org\/{rel}","templated":true}]}}