{"id":60086,"date":"2023-09-20T20:12:59","date_gmt":"2023-09-21T01:12:59","guid":{"rendered":"http:\/\/www.zonaroja.com.mx\/?p=60086"},"modified":"2023-09-20T20:13:02","modified_gmt":"2023-09-21T01:13:02","slug":"acumula-oaxaca-seis-protestas-y-bloqueos-este-miercoles","status":"publish","type":"post","link":"https:\/\/zonaroja.com.mx\/?p=60086","title":{"rendered":"Acumula Oaxaca seis protestas y bloqueos, este mi\u00e9rcoles"},"content":{"rendered":"\n<p>Ismael Garc\u00eda M.\/Zona Roja.<\/p>\n\n\n\n<p>Oaxaca de Ju\u00e1rez, Oax., a 20 de septiembre de 2023.- Al menos seis protestas y bloqueos carreteros se registraron este mi\u00e9rcoles en Oaxaca, varios de ellos relacionados con temas educativos.<\/p>\n\n\n\n<p>La m\u00e1s reciente manifestaci\u00f3n se registr\u00f3 esta tarde en la sede de la Universidad Tecnol\u00f3gica de los Valles Centrales de Oaxaca (UTVCO), por parte de un grupo de maestros y alumnos que se volvieron a apoderar del plantel.<\/p>\n\n\n\n<p>Y es que hoy, supuestamente, la rectora Tania L\u00f3pez L\u00f3pez dijo que ya hab\u00eda iniciado el ciclo escolar sin contratiempos y la v\u00edspera se hab\u00edan alcanzado acuerdos con inconformes.<\/p>\n\n\n\n<p>Sin embargo, en la manifestaci\u00f3n reclamaron que se utiliz\u00f3 a personal improvisado como supuestos docentes para iniciar las clases, por lo cual volvieron a apoderarse del plantel, con sede en el municipio de San Pablo Huixtepec.<\/p>\n\n\n\n<p>Mientras que alrededor de las 18:00 horas culmin\u00f3 el tercer d\u00eda de bloque en la carretera Panamericana, en la regi\u00f3n del Istmo, tramo Niltepec-Zanatepec, a la altura de R\u00edo Ostuta, por parte de docentes de la Secci\u00f3n 22 del SNTE.<\/p>\n\n\n\n<p>Los inconformes, del Sector Reforma de Pineda, han exigido la cancelaci\u00f3n de un m\u00f3dulo que instal\u00f3 el Sindicato Independiente de Trabajadores de la Educaci\u00f3n de M\u00e9xico (SITEM) en San Francisco del Mar; sin embargo, no han sido escuchados por el Instituto Estatal de Educaci\u00f3n P\u00fablica de Oaxaca.<\/p>\n\n\n\n<p>Tambi\u00e9n esta tarde, un grupo de estudiantes normalistas cerr\u00f3 por unas horas la calzada San Felipe, en la zona norte de la ciudad de Oaxaca, a la altura del Centro Regional de Educaci\u00f3n Normal de Oaxaca (CRENO), y posteriormente lo trasladaron a la avenida M\u00e9xico.<\/p>\n\n\n\n<p>Hasta el momento se desconoce las demandas de los inconformes, cuya protesta congestion\u00f3 el tr\u00e1nsito vehicular en la zona, que comunica a las agencias San Felipe del Agua y Ejido Guadalupe Victoria.<\/p>\n\n\n\n<p>Por la ma\u00f1ana, un grupo de pobladores de la comunidad Benito Ju\u00e1rez, San Pedro Pochutla, bloque\u00f3 el camino local hacia Santa Mar\u00eda Huatulco, en demanda de atenci\u00f3n a diversas problem\u00e1ticas sociales.<\/p>\n\n\n\n<p>En tanto que en el palacio municipal de Magdalena Tequisistl\u00e1n, habitantes de Santa Mar\u00eda Ecatepec protestaron para exigir la entrega de los recursos presupuestales que les corresponden.<\/p>\n\n\n\n<p>Y tambi\u00e9n por la ma\u00f1ana, padres de familia con hijos en la escuela secundaria \u201cHeberto Castillo\u201d, ubicada en la agencia Vicente Guerrero, perteneciente a la Villa de Zaachila, cerraron el plantel.<\/p>\n\n\n\n<p>Lo anterior para exigir a las autoridades educativas atenci\u00f3n a casos de acoso sexual a estudiantes, presuntamente por parte del profesor Roberto G. Z., afiliado a la Secci\u00f3n 22 del SNTE.<\/p>\n\n\n\n<p>Demandaron al IEEPO la salida de toda la plantilla de docentes, incluyendo al supuesto acosador; no obstante, el titular de la instituci\u00f3n educativa, Emilio Montero P\u00e9rez, no ha dado a conocer si hay atenci\u00f3n a \u00e9ste como a los dem\u00e1s casos.<\/p>\n","protected":false},"excerpt":{"rendered":"<p>Ismael Garc\u00eda M.\/Zona Roja. Oaxaca de Ju\u00e1rez, Oax., a 20 de septiembre de 2023.- Al&hellip;<\/p>\n","protected":false},"author":2,"featured_media":60087,"comment_status":"closed","ping_status":"open","sticky":false,"template":"","format":"standard","meta":{"_lmt_disableupdate":"","_lmt_disable":"","_jetpack_memberships_contains_paid_content":false,"footnotes":""},"categories":[109,47],"tags":[2264],"class_list":["post-60086","post","type-post","status-publish","format-standard","has-post-thumbnail","hentry","category-minuto-a-minuto","category-zona-gris","tag-bloqueos-y-protestas-oaxaca"],"jetpack_featured_media_url":"https:\/\/zonaroja.com.mx\/wp-content\/uploads\/2023\/09\/Protestas-y-bloqueos-miercoles-20sept.jpg","jetpack_sharing_enabled":true,"_links":{"self":[{"href":"https:\/\/zonaroja.com.mx\/index.php?rest_route=\/wp\/v2\/posts\/60086","targetHints":{"allow":["GET"]}}],"collection":[{"href":"https:\/\/zonaroja.com.mx\/index.php?rest_route=\/wp\/v2\/posts"}],"about":[{"href":"https:\/\/zonaroja.com.mx\/index.php?rest_route=\/wp\/v2\/types\/post"}],"author":[{"embeddable":true,"href":"https:\/\/zonaroja.com.mx\/index.php?rest_route=\/wp\/v2\/users\/2"}],"replies":[{"embeddable":true,"href":"https:\/\/zonaroja.com.mx\/index.php?rest_route=%2Fwp%2Fv2%2Fcomments&post=60086"}],"version-history":[{"count":1,"href":"https:\/\/zonaroja.com.mx\/index.php?rest_route=\/wp\/v2\/posts\/60086\/revisions"}],"predecessor-version":[{"id":60088,"href":"https:\/\/zonaroja.com.mx\/index.php?rest_route=\/wp\/v2\/posts\/60086\/revisions\/60088"}],"wp:featuredmedia":[{"embeddable":true,"href":"https:\/\/zonaroja.com.mx\/index.php?rest_route=\/wp\/v2\/media\/60087"}],"wp:attachment":[{"href":"https:\/\/zonaroja.com.mx\/index.php?rest_route=%2Fwp%2Fv2%2Fmedia&parent=60086"}],"wp:term":[{"taxonomy":"category","embeddable":true,"href":"https:\/\/zonaroja.com.mx\/index.php?rest_route=%2Fwp%2Fv2%2Fcategories&post=60086"},{"taxonomy":"post_tag","embeddable":true,"href":"https:\/\/zonaroja.com.mx\/index.php?rest_route=%2Fwp%2Fv2%2Ftags&post=60086"}],"curies":[{"name":"wp","href":"https:\/\/api.w.org\/{rel}","templated":true}]}}