{"id":60089,"date":"2023-09-20T21:27:00","date_gmt":"2023-09-21T02:27:00","guid":{"rendered":"http:\/\/www.zonaroja.com.mx\/?p=60089"},"modified":"2023-09-20T21:27:04","modified_gmt":"2023-09-21T02:27:04","slug":"participa-secretaria-de-administracion-en-inauguracion-de-hackatecnm-2023","status":"publish","type":"post","link":"https:\/\/zonaroja.com.mx\/?p=60089","title":{"rendered":"Participa Secretar\u00eda de Administraci\u00f3n en inauguraci\u00f3n de HackaTecNM 2023"},"content":{"rendered":"\n<p>Redacci\u00f3n\/Zona Roja.&nbsp;<\/p>\n\n\n\n<p>Oaxaca de Ju\u00e1rez, Oax., 20 de septiembre de 2023.- Con la finalidad de impulsar la innovaci\u00f3n tecnol\u00f3gica en la juventud estudiantil, la Secretar\u00eda de Administraci\u00f3n del Gobierno del Estado asisti\u00f3 a la inauguraci\u00f3n de la etapa Regional 5 del HackaTecNM 2023, que se realiza en el Tecnol\u00f3gico Nacional de M\u00e9xico (TecNM) campus Oaxaca.<\/p>\n\n\n\n<p>Del 20 al 22 de septiembre, grupos multidisciplinarios de estudiantes de diversos campus del TecNM del pa\u00eds trabajar\u00e1n en equipo para solucionar las problem\u00e1ticas tecnol\u00f3gicas planteadas.<\/p>\n\n\n\n<p>En representaci\u00f3n del secretario de Administraci\u00f3n, Antonino Morales Toledo, el subsecretario de Patrimonio, Recursos Materiales y Servicios Noel Hern\u00e1ndez Rito, reconoci\u00f3 la relevancia de los proyectos de las personas participantes, los cuales, al ser de innovaci\u00f3n tecnol\u00f3gica pueden impactar positivamente en la sociedad. &nbsp;<\/p>\n\n\n\n<p>Agreg\u00f3 que la Secretar\u00eda de Administraci\u00f3n se suma a estos proyectos que impulsan el avance tecnol\u00f3gico y el desarrollo sostenible a trav\u00e9s de un espacio innovador, de aprendizaje y motivaci\u00f3n.<\/p>\n\n\n\n<p>HackaTecNM 2023 reunir\u00e1 a las y los ganadores de la etapa local, de la cual solo tres equipos pasar\u00e1n a la etapa nacional. Algunos de los criterios a considerar en la evaluaci\u00f3n ser\u00e1n el nivel de innovaci\u00f3n, el tipo de prototipo, el alcance de la soluci\u00f3n, el impacto tecnol\u00f3gico, la importancia social, entre otros.<\/p>\n\n\n\n<p>Esta actividad representa un esfuerzo conjunto entre el gobierno y las instituciones educativas para impulsar el desarrollo tecnol\u00f3gico de Oaxaca.<\/p>\n","protected":false},"excerpt":{"rendered":"<p>Redacci\u00f3n\/Zona Roja.&nbsp; Oaxaca de Ju\u00e1rez, Oax., 20 de septiembre de 2023.- Con la finalidad de&hellip;<\/p>\n","protected":false},"author":2,"featured_media":60090,"comment_status":"closed","ping_status":"open","sticky":false,"template":"","format":"standard","meta":{"_lmt_disableupdate":"","_lmt_disable":"","_jetpack_memberships_contains_paid_content":false,"footnotes":""},"categories":[109,46],"tags":[1989],"class_list":["post-60089","post","type-post","status-publish","format-standard","has-post-thumbnail","hentry","category-minuto-a-minuto","category-zona-blanca","tag-secretaria-de-administracion"],"jetpack_featured_media_url":"https:\/\/zonaroja.com.mx\/wp-content\/uploads\/2023\/09\/ADMINISTRACION-HackaTecNM-1.jpeg","jetpack_sharing_enabled":true,"_links":{"self":[{"href":"https:\/\/zonaroja.com.mx\/index.php?rest_route=\/wp\/v2\/posts\/60089","targetHints":{"allow":["GET"]}}],"collection":[{"href":"https:\/\/zonaroja.com.mx\/index.php?rest_route=\/wp\/v2\/posts"}],"about":[{"href":"https:\/\/zonaroja.com.mx\/index.php?rest_route=\/wp\/v2\/types\/post"}],"author":[{"embeddable":true,"href":"https:\/\/zonaroja.com.mx\/index.php?rest_route=\/wp\/v2\/users\/2"}],"replies":[{"embeddable":true,"href":"https:\/\/zonaroja.com.mx\/index.php?rest_route=%2Fwp%2Fv2%2Fcomments&post=60089"}],"version-history":[{"count":1,"href":"https:\/\/zonaroja.com.mx\/index.php?rest_route=\/wp\/v2\/posts\/60089\/revisions"}],"predecessor-version":[{"id":60091,"href":"https:\/\/zonaroja.com.mx\/index.php?rest_route=\/wp\/v2\/posts\/60089\/revisions\/60091"}],"wp:featuredmedia":[{"embeddable":true,"href":"https:\/\/zonaroja.com.mx\/index.php?rest_route=\/wp\/v2\/media\/60090"}],"wp:attachment":[{"href":"https:\/\/zonaroja.com.mx\/index.php?rest_route=%2Fwp%2Fv2%2Fmedia&parent=60089"}],"wp:term":[{"taxonomy":"category","embeddable":true,"href":"https:\/\/zonaroja.com.mx\/index.php?rest_route=%2Fwp%2Fv2%2Fcategories&post=60089"},{"taxonomy":"post_tag","embeddable":true,"href":"https:\/\/zonaroja.com.mx\/index.php?rest_route=%2Fwp%2Fv2%2Ftags&post=60089"}],"curies":[{"name":"wp","href":"https:\/\/api.w.org\/{rel}","templated":true}]}}