{"id":60092,"date":"2023-09-20T22:41:32","date_gmt":"2023-09-21T03:41:32","guid":{"rendered":"http:\/\/www.zonaroja.com.mx\/?p=60092"},"modified":"2023-09-20T22:41:34","modified_gmt":"2023-09-21T03:41:34","slug":"istmo-violento-asesinan-a-una-mujer-en-union-hidalgo-balacera-en-salina-cruz","status":"publish","type":"post","link":"https:\/\/zonaroja.com.mx\/?p=60092","title":{"rendered":"Istmo violento: asesinan a una mujer en Uni\u00f3n Hidalgo; balacera en Salina Cruz"},"content":{"rendered":"\n<p>Ismael Garc\u00eda M.\/Zona Roja.<\/p>\n\n\n\n<p>Oaxaca de Ju\u00e1rez, Oax., a 20 de septiembre de 2023.- Una mujer fue asesinada la tarde de este mi\u00e9rcoles en su domicilio, ubicado en Uni\u00f3n Hidalgo, municipio de la regi\u00f3n del Istmo de Tehuantepec.<\/p>\n\n\n\n<p>De manera preliminar se inform\u00f3 que la v\u00edctima presenta golpes en la cabeza y fue identificada como Cecilia Guadalupe L. P., de 30 a\u00f1os de edad, y se presume que habr\u00eda sido un asalto.<\/p>\n\n\n\n<p>La Vicefiscal\u00eda Regional del Istmo, dependiente de la Fiscal\u00eda General del Estado de Oaxaca, inici\u00f3 las indagatorias con perspectiva de g\u00e9nero y bajo los protocolos de feminicidio.<\/p>\n\n\n\n<p>Hasta el momento, de acuerdo con sus familiares, no ten\u00eda enemigos ni problemas con los vecinos o la comunidad istme\u00f1a, conocida tambi\u00e9n como Ranchu Gubi\u00f1a.<\/p>\n\n\n\n<p>Por otra parte, esta tarde en el municipio de Salina Cruz se registr\u00f3 un ataque armado en contra del domicilio de un l\u00edder sindical del transporte, reci\u00e9n fallecido.<\/p>\n\n\n\n<p>Ocurri\u00f3 en una casa ubicada en la colonia Francisco I. Madero, donde viv\u00eda Javier C\u00f3rdova Quevedo, a quien conoc\u00edan como \u201cLa Culebra\u201d y no se reportan v\u00edctimas.<\/p>\n\n\n\n<p>En esta ocasi\u00f3n, la polic\u00eda municipal lleg\u00f3 a tiempo y realiz\u00f3 la detenci\u00f3n de una persona, quien habr\u00eda realizado las detonaciones de arma de fuego, por lo cual fue puesto a disposici\u00f3n de las autoridades ministeriales.<\/p>\n","protected":false},"excerpt":{"rendered":"<p>Ismael Garc\u00eda M.\/Zona Roja. Oaxaca de Ju\u00e1rez, Oax., a 20 de septiembre de 2023.- Una&hellip;<\/p>\n","protected":false},"author":2,"featured_media":36759,"comment_status":"closed","ping_status":"open","sticky":false,"template":"","format":"standard","meta":{"_lmt_disableupdate":"","_lmt_disable":"","_jetpack_memberships_contains_paid_content":false,"footnotes":""},"categories":[109,51],"tags":[279],"class_list":["post-60092","post","type-post","status-publish","format-standard","has-post-thumbnail","hentry","category-minuto-a-minuto","category-zona-roja","tag-union-hidalgo"],"jetpack_featured_media_url":"https:\/\/zonaroja.com.mx\/wp-content\/uploads\/2022\/01\/Union-Hidalgo.jpg","jetpack_sharing_enabled":true,"_links":{"self":[{"href":"https:\/\/zonaroja.com.mx\/index.php?rest_route=\/wp\/v2\/posts\/60092","targetHints":{"allow":["GET"]}}],"collection":[{"href":"https:\/\/zonaroja.com.mx\/index.php?rest_route=\/wp\/v2\/posts"}],"about":[{"href":"https:\/\/zonaroja.com.mx\/index.php?rest_route=\/wp\/v2\/types\/post"}],"author":[{"embeddable":true,"href":"https:\/\/zonaroja.com.mx\/index.php?rest_route=\/wp\/v2\/users\/2"}],"replies":[{"embeddable":true,"href":"https:\/\/zonaroja.com.mx\/index.php?rest_route=%2Fwp%2Fv2%2Fcomments&post=60092"}],"version-history":[{"count":1,"href":"https:\/\/zonaroja.com.mx\/index.php?rest_route=\/wp\/v2\/posts\/60092\/revisions"}],"predecessor-version":[{"id":60093,"href":"https:\/\/zonaroja.com.mx\/index.php?rest_route=\/wp\/v2\/posts\/60092\/revisions\/60093"}],"wp:featuredmedia":[{"embeddable":true,"href":"https:\/\/zonaroja.com.mx\/index.php?rest_route=\/wp\/v2\/media\/36759"}],"wp:attachment":[{"href":"https:\/\/zonaroja.com.mx\/index.php?rest_route=%2Fwp%2Fv2%2Fmedia&parent=60092"}],"wp:term":[{"taxonomy":"category","embeddable":true,"href":"https:\/\/zonaroja.com.mx\/index.php?rest_route=%2Fwp%2Fv2%2Fcategories&post=60092"},{"taxonomy":"post_tag","embeddable":true,"href":"https:\/\/zonaroja.com.mx\/index.php?rest_route=%2Fwp%2Fv2%2Ftags&post=60092"}],"curies":[{"name":"wp","href":"https:\/\/api.w.org\/{rel}","templated":true}]}}