{"id":60097,"date":"2023-09-21T08:03:03","date_gmt":"2023-09-21T13:03:03","guid":{"rendered":"http:\/\/www.zonaroja.com.mx\/?p=60097"},"modified":"2023-09-21T08:03:08","modified_gmt":"2023-09-21T13:03:08","slug":"arranca-en-oaxaca-el-40-intercolegial-estatal-del-cobao","status":"publish","type":"post","link":"https:\/\/zonaroja.com.mx\/?p=60097","title":{"rendered":"Arranca en Oaxaca el 40 Intercolegial Estatal del Cobao"},"content":{"rendered":"\n<p>Redacci\u00f3n\/Zona Roja.&nbsp;<\/p>\n\n\n\n<p>Oaxaca de Ju\u00e1rez, Oax., a 21 de septiembre de 2023.- Con la participaci\u00f3n de los 68 planteles y 13 Centros de Ense\u00f1anza Abierta, este mi\u00e9rcoles inici\u00f3 la fase estatal del 40 Intercolegial Cobao 2023.<\/p>\n\n\n\n<p>El acto inaugural formal lo presidi\u00f3 ayer por la tarde la directora general del Colegio de Bachilleres del Estado de Oaxaca (Cobao), Ver\u00f3nica Hern\u00e1ndez Gonz\u00e1lez, durante un acto efectuado en la Plaza de la Danza, tras una calenda por calles de la capital oaxaque\u00f1a.<\/p>\n\n\n\n<p>El objetivo del encuentro es reafirmar la formaci\u00f3n de juventudes sanas, con los conocimientos acad\u00e9micos y el acompa\u00f1amiento formativo necesario para ser entes completos, con capacidades integrales para desarrollarse como personas exitosas, en los \u00e1mbitos social y profesional. &nbsp;<\/p>\n\n\n\n<p>Con la presencia de la directora general Ver\u00f3nica Hern\u00e1ndez, las actividades arrancaron con una carrera atl\u00e9tica en el Polideportivo Venustiano Carranza, en la cual participaron cientos de j\u00f3venes provenientes de los 68 planteles del estado, adem\u00e1s de personal docente, administrativo y familiares de las y los j\u00f3venes que acompa\u00f1aron este encuentro.<\/p>\n\n\n\n<p>En el banderazo de salida participaron la titular de la Secretar\u00eda de Educaci\u00f3n P\u00fablica (SEP) de Oaxaca, Delfina Guzm\u00e1n D\u00edaz y el coordinador general de Educaci\u00f3n Media Superior, Superior, Ciencia y Tecnolog\u00eda, Alcide Garc\u00eda Guzm\u00e1n, quienes abrieron paso al numeroso contingente participante.<\/p>\n\n\n\n<p>La inauguraci\u00f3n oficial del evento tuvo lugar en la Plaza de la Danza, donde de acuerdo a los c\u00e1lculos de registro, m\u00e1s 2 mil estudiantes participaron en la gran calenda festiva con motivo del encuentro estatal.<\/p>\n\n\n\n<p><a href=\"https:\/\/x.com\/ZonaRoja_Oaxaca\/status\/1704672374262546688?s=20\">https:\/\/x.com\/ZonaRoja_Oaxaca\/status\/1704672374262546688?s=20<\/a><\/p>\n\n\n\n<p>El Intercolegial del Cobao 2023 tiene como eje central todo lo relativo a la campa\u00f1a nacional \u201cSi te drogas, te da\u00f1as\u201d, promovida por la Subsecretar\u00eda de Educaci\u00f3n Media Superior del pa\u00eds, a cargo de Nora Ruvalcaba G\u00e1mez.<\/p>\n\n\n\n<p>Al respecto, Ver\u00f3nica Hern\u00e1ndez reconoci\u00f3 el impacto de esta estrategia nacional que las instancias educativas promueven y que en el Cobao se realizan en los 68 planteles y 13 Centros de Ense\u00f1anza Abierta (CEA).<\/p>\n\n\n\n<p>\u00abMe emociona sentir toda la energ\u00eda de las y los j\u00f3venes aqu\u00ed donde inauguramos nuestro Intercolegial Acad\u00e9mico, Cultural y Deportivo\u201d, concluy\u00f3 Hern\u00e1ndez Gonz\u00e1lez.<\/p>\n\n\n\n<p>En este marco, dieron paso a las actividades acad\u00e9micas, art\u00edsticas y culturales que comprende este encuentro estatal, entre los que se encuentra baile folcl\u00f3rico, baile moderno, canto, declamaci\u00f3n, debate, foro juvenil, j\u00f3venes escritores en la categor\u00eda cuento, ensayo y poes\u00eda, adem\u00e1s de m\u00fasica, pintura, teatro y oratoria.&nbsp;<\/p>\n\n\n\n<p>En el \u00e1mbito deportivo las juventudes participan en las disciplinas de ajedrez, baloncesto, b\u00e9isbol, futbol, voleibol, atletismo y softbol, todo en sus ramas varonil y femenil, y en actividades c\u00edvicas habr\u00e1 tambi\u00e9n encuentros de bandas de guerra y escoltas.<\/p>\n\n\n\n<p>Los eventos se desarrollan este 20, 21 y 22 en el plantel 44 San Antonio de la Cal, en la Casa de la Cultura Oaxaque\u00f1a (CCO), el Teatro Ju\u00e1rez y el Polideportivo Venustiano Carranza.<\/p>\n","protected":false},"excerpt":{"rendered":"<p>Redacci\u00f3n\/Zona Roja.&nbsp; Oaxaca de Ju\u00e1rez, Oax., a 21 de septiembre de 2023.- Con la participaci\u00f3n&hellip;<\/p>\n","protected":false},"author":2,"featured_media":60098,"comment_status":"closed","ping_status":"open","sticky":false,"template":"","format":"standard","meta":{"_lmt_disableupdate":"","_lmt_disable":"","_jetpack_memberships_contains_paid_content":false,"footnotes":""},"categories":[109,46],"tags":[2883],"class_list":["post-60097","post","type-post","status-publish","format-standard","has-post-thumbnail","hentry","category-minuto-a-minuto","category-zona-blanca","tag-colegio-de-bachilleres-de-oaxaca-cobao"],"jetpack_featured_media_url":"https:\/\/zonaroja.com.mx\/wp-content\/uploads\/2023\/09\/Inauguracion-Intercolegial-Cobao.jpg","jetpack_sharing_enabled":true,"_links":{"self":[{"href":"https:\/\/zonaroja.com.mx\/index.php?rest_route=\/wp\/v2\/posts\/60097","targetHints":{"allow":["GET"]}}],"collection":[{"href":"https:\/\/zonaroja.com.mx\/index.php?rest_route=\/wp\/v2\/posts"}],"about":[{"href":"https:\/\/zonaroja.com.mx\/index.php?rest_route=\/wp\/v2\/types\/post"}],"author":[{"embeddable":true,"href":"https:\/\/zonaroja.com.mx\/index.php?rest_route=\/wp\/v2\/users\/2"}],"replies":[{"embeddable":true,"href":"https:\/\/zonaroja.com.mx\/index.php?rest_route=%2Fwp%2Fv2%2Fcomments&post=60097"}],"version-history":[{"count":1,"href":"https:\/\/zonaroja.com.mx\/index.php?rest_route=\/wp\/v2\/posts\/60097\/revisions"}],"predecessor-version":[{"id":60099,"href":"https:\/\/zonaroja.com.mx\/index.php?rest_route=\/wp\/v2\/posts\/60097\/revisions\/60099"}],"wp:featuredmedia":[{"embeddable":true,"href":"https:\/\/zonaroja.com.mx\/index.php?rest_route=\/wp\/v2\/media\/60098"}],"wp:attachment":[{"href":"https:\/\/zonaroja.com.mx\/index.php?rest_route=%2Fwp%2Fv2%2Fmedia&parent=60097"}],"wp:term":[{"taxonomy":"category","embeddable":true,"href":"https:\/\/zonaroja.com.mx\/index.php?rest_route=%2Fwp%2Fv2%2Fcategories&post=60097"},{"taxonomy":"post_tag","embeddable":true,"href":"https:\/\/zonaroja.com.mx\/index.php?rest_route=%2Fwp%2Fv2%2Ftags&post=60097"}],"curies":[{"name":"wp","href":"https:\/\/api.w.org\/{rel}","templated":true}]}}