{"id":60102,"date":"2023-09-21T11:30:00","date_gmt":"2023-09-21T16:30:00","guid":{"rendered":"http:\/\/www.zonaroja.com.mx\/?p=60102"},"modified":"2023-09-21T08:28:37","modified_gmt":"2023-09-21T13:28:37","slug":"otro-plagio-de-tesis-y-ahora-por-parte-de-xochitl-galvez-revisara-la-unam","status":"publish","type":"post","link":"https:\/\/zonaroja.com.mx\/?p=60102","title":{"rendered":"\u00a1Otro plagio de tesis! Y ahora por parte de X\u00f3chitl G\u00e1lvez; revisar\u00e1 la UNAM"},"content":{"rendered":"\n<p>Redacci\u00f3n\/Zona Roja Cdmx.<\/p>\n\n\n\n<p>Ciudad de M\u00e9xico, a 21 de septiembre de 2023.- El rector de la Universidad Nacional Aut\u00f3noma de M\u00e9xico (UNAM), Enrique Graue, solicit\u00f3 investigar el presunto plagio que la senadora X\u00f3chitl G\u00e1lvez realiz\u00f3 en su informe de titulaci\u00f3n.<\/p>\n\n\n\n<p>A trav\u00e9s de un comunicado, la M\u00e1xima Casa de Estudios inform\u00f3 que el rector pidi\u00f3 al director de la Facultad de Ingenier\u00eda, Jos\u00e9 Antonio Hern\u00e1ndez Espri\u00fa, turne el asunto al Comit\u00e9 de \u00c9tica y al Consejo T\u00e9cnico de esta facultad, a fin de que se realice el an\u00e1lisis que corresponda.<\/p>\n\n\n\n<p>La solicitud se hizo \u201cante las recientes publicaciones en algunos medios de comunicaci\u00f3n y redes sociales aludiendo a la presunta falta de integridad y honestidad acad\u00e9mica en la presentaci\u00f3n del informe escrito, correspondiente al tr\u00e1mite de titulaci\u00f3n por trabajo profesional de la egresada Bertha X\u00f3chitl G\u00e1lvez Ruiz\u201d, detall\u00f3 la Universidad.<\/p>\n\n\n\n<p>Agreg\u00f3 que esto se realiza en apego al art\u00edculo 36 del Reglamento General de Ex\u00e1menes de la Universidad Nacional Aut\u00f3noma de M\u00e9xico. Este martes se difundi\u00f3 en redes sociales que la candidata a la Presidencia de la Rep\u00fablica del Frente Amplio por M\u00e9xico (FAM), X\u00f3chitl G\u00e1lvez, supuestamente cometi\u00f3 plagio en el informe que present\u00f3 para titularse de la licenciatura en Ingenier\u00eda de la Computaci\u00f3n.<\/p>\n\n\n\n<p>Incluso, el partido Morena de la Ciudad de M\u00e9xico emiti\u00f3 un comunicado para difundir y lamentar el supuesto plagio.<\/p>\n\n\n\n<p>X\u00f3chitl G\u00e1lvez reconoci\u00f3 haber tomado informaci\u00f3n sin citarla en su informe de experiencia laboral. \u00abPues s\u00ed, la pendeje\u00e9, porque deb\u00ed de haber puesto de d\u00f3nde era la verdad\u00bb, acept\u00f3 la senadora durante una entrevista en San L\u00e1zaro.<\/p>\n\n\n\n<p>Anoche, en su primera r\u00e9plica a los se\u00f1alamientos, G\u00e1lvez tambi\u00e9n dijo que s\u00ed hab\u00eda copiado p\u00e1rrafos que no atribuy\u00f3. \u201cHay un p\u00e1rrafo, por ah\u00ed, que seguramente tom\u00e9 en el contexto de edificios inteligentes, pero son seis p\u00e1rrafos de 77 hojas donde lo importante es la experiencia profesional\u201d, dijo la responsable del Frente Amplio.<\/p>\n\n\n\n<p>Con esta solicitud, es la segunda vez en el \u00faltimo a\u00f1o que la UNAM investiga presuntos plagios de figuras de la pol\u00edtica mexicana. En diciembre de 2022, tras difundirse un supuesto plagio de la ministra de la Suprema Corte de Justicia de la Naci\u00f3n (SCJN), Yasm\u00edn Esquivel, la UNAM abri\u00f3 una investigaci\u00f3n similar.<\/p>\n\n\n\n<p>La Universidad concluy\u00f3 que la tesis de la ministra s\u00ed ten\u00eda un \u201calto nivel de coincidencias\u201d con un trabajo publicado un a\u00f1o antes. Sin embargo, un amparo promovido por la ministra oblig\u00f3 a la UNAM a no divulgar la resoluci\u00f3n del an\u00e1lisis de este caso.<\/p>\n\n\n\n<p>(Informaci\u00f3n de \u201cExpansi\u00f3n Pol\u00edtica\u201d)<\/p>\n","protected":false},"excerpt":{"rendered":"<p>Redacci\u00f3n\/Zona Roja Cdmx. Ciudad de M\u00e9xico, a 21 de septiembre de 2023.- El rector de&hellip;<\/p>\n","protected":false},"author":2,"featured_media":60103,"comment_status":"closed","ping_status":"open","sticky":false,"template":"","format":"standard","meta":{"_lmt_disableupdate":"","_lmt_disable":"","_jetpack_memberships_contains_paid_content":false,"footnotes":""},"categories":[109,47],"tags":[3601],"class_list":["post-60102","post","type-post","status-publish","format-standard","has-post-thumbnail","hentry","category-minuto-a-minuto","category-zona-gris","tag-xochitl-galvez-ruiz"],"jetpack_featured_media_url":"https:\/\/zonaroja.com.mx\/wp-content\/uploads\/2023\/09\/Xochitl-Galvez-plagio-tesis.png","jetpack_sharing_enabled":true,"_links":{"self":[{"href":"https:\/\/zonaroja.com.mx\/index.php?rest_route=\/wp\/v2\/posts\/60102","targetHints":{"allow":["GET"]}}],"collection":[{"href":"https:\/\/zonaroja.com.mx\/index.php?rest_route=\/wp\/v2\/posts"}],"about":[{"href":"https:\/\/zonaroja.com.mx\/index.php?rest_route=\/wp\/v2\/types\/post"}],"author":[{"embeddable":true,"href":"https:\/\/zonaroja.com.mx\/index.php?rest_route=\/wp\/v2\/users\/2"}],"replies":[{"embeddable":true,"href":"https:\/\/zonaroja.com.mx\/index.php?rest_route=%2Fwp%2Fv2%2Fcomments&post=60102"}],"version-history":[{"count":1,"href":"https:\/\/zonaroja.com.mx\/index.php?rest_route=\/wp\/v2\/posts\/60102\/revisions"}],"predecessor-version":[{"id":60104,"href":"https:\/\/zonaroja.com.mx\/index.php?rest_route=\/wp\/v2\/posts\/60102\/revisions\/60104"}],"wp:featuredmedia":[{"embeddable":true,"href":"https:\/\/zonaroja.com.mx\/index.php?rest_route=\/wp\/v2\/media\/60103"}],"wp:attachment":[{"href":"https:\/\/zonaroja.com.mx\/index.php?rest_route=%2Fwp%2Fv2%2Fmedia&parent=60102"}],"wp:term":[{"taxonomy":"category","embeddable":true,"href":"https:\/\/zonaroja.com.mx\/index.php?rest_route=%2Fwp%2Fv2%2Fcategories&post=60102"},{"taxonomy":"post_tag","embeddable":true,"href":"https:\/\/zonaroja.com.mx\/index.php?rest_route=%2Fwp%2Fv2%2Ftags&post=60102"}],"curies":[{"name":"wp","href":"https:\/\/api.w.org\/{rel}","templated":true}]}}