{"id":60105,"date":"2023-09-21T10:29:00","date_gmt":"2023-09-21T15:29:00","guid":{"rendered":"http:\/\/www.zonaroja.com.mx\/?p=60105"},"modified":"2023-09-21T08:38:33","modified_gmt":"2023-09-21T13:38:33","slug":"detiene-fiscalia-a-sujeto-que-presuntamente-mato-a-una-mujer-en-e-l-istmo","status":"publish","type":"post","link":"https:\/\/zonaroja.com.mx\/?p=60105","title":{"rendered":"Detiene Fiscal\u00eda a sujeto que presuntamente mat\u00f3 a una mujer en e l Istmo"},"content":{"rendered":"\n<p>Redacci\u00f3n\/Zona Roja.<\/p>\n\n\n\n<p>Oaxaca de Ju\u00e1rez, Oax., a 21 de septiembre de 2023.-&nbsp; Las labores de investigaci\u00f3n con perspectiva de g\u00e9nero que realiza la Fiscal\u00eda General del Estado de Oaxaca (FGEO) hicieron posible la ejecuci\u00f3n de una orden de aprehensi\u00f3n en contra de F. R. G., detenido por el delito de Homicidio Calificado con Ventaja, en agravio de una mujer, en hechos ocurridos en la regi\u00f3n del Istmo de Tehuantepec.<\/p>\n\n\n\n<p>De acuerdo con la causa penal, los sucesos ocurrieron el 14 de septiembre de 2022, cuando la v\u00edctima, una mujer identificada como T.R.L., estaba frente a su domicilio, en calles de Santo Domingo Tehuantepec, cuando personas que viajaban a bordo de una motocicleta la agredieron con armas de fuego, infligiendo lesiones que le provocaron la muerte.<\/p>\n\n\n\n<p>La FGEO tom\u00f3 conocimiento del caso, por lo que la Vicefiscal\u00eda Regional del Istmo inici\u00f3 las investigaciones correspondientes, adem\u00e1s que despleg\u00f3 a un equipo multidisciplinario, lo que permiti\u00f3 la obtenci\u00f3n de una orden de aprehensi\u00f3n contra el imputado.<\/p>\n\n\n\n<p>Ante ello, elementos de la Agencia Estatal de Investigaciones (AEI) dieron con el paradero de F. R. G. a quien, le ejecutaron la orden de aprehensi\u00f3n, e inmediatamente fue presentado ante las autoridades ministeriales para determinar su situaci\u00f3n jur\u00eddica en las pr\u00f3ximas horas.<\/p>\n\n\n\n<p>Adem\u00e1s de las investigaciones realizadas por la Fiscal\u00eda de Oaxaca, la colaboraci\u00f3n de testigos, as\u00ed como de las v\u00edctimas directas e indirectas, hace posible que el proceso de procuraci\u00f3n de justicia sea m\u00e1s efectivo.<\/p>\n","protected":false},"excerpt":{"rendered":"<p>Redacci\u00f3n\/Zona Roja. Oaxaca de Ju\u00e1rez, Oax., a 21 de septiembre de 2023.-&nbsp; Las labores de&hellip;<\/p>\n","protected":false},"author":2,"featured_media":52618,"comment_status":"closed","ping_status":"open","sticky":false,"template":"","format":"standard","meta":{"_lmt_disableupdate":"","_lmt_disable":"","_jetpack_memberships_contains_paid_content":false,"footnotes":""},"categories":[109,46],"tags":[494],"class_list":["post-60105","post","type-post","status-publish","format-standard","has-post-thumbnail","hentry","category-minuto-a-minuto","category-zona-blanca","tag-fiscalia-general-del-estado-de-oaxaca"],"jetpack_featured_media_url":"https:\/\/zonaroja.com.mx\/wp-content\/uploads\/2023\/03\/Detenido-esposado-aprehension.webp","jetpack_sharing_enabled":true,"_links":{"self":[{"href":"https:\/\/zonaroja.com.mx\/index.php?rest_route=\/wp\/v2\/posts\/60105","targetHints":{"allow":["GET"]}}],"collection":[{"href":"https:\/\/zonaroja.com.mx\/index.php?rest_route=\/wp\/v2\/posts"}],"about":[{"href":"https:\/\/zonaroja.com.mx\/index.php?rest_route=\/wp\/v2\/types\/post"}],"author":[{"embeddable":true,"href":"https:\/\/zonaroja.com.mx\/index.php?rest_route=\/wp\/v2\/users\/2"}],"replies":[{"embeddable":true,"href":"https:\/\/zonaroja.com.mx\/index.php?rest_route=%2Fwp%2Fv2%2Fcomments&post=60105"}],"version-history":[{"count":1,"href":"https:\/\/zonaroja.com.mx\/index.php?rest_route=\/wp\/v2\/posts\/60105\/revisions"}],"predecessor-version":[{"id":60106,"href":"https:\/\/zonaroja.com.mx\/index.php?rest_route=\/wp\/v2\/posts\/60105\/revisions\/60106"}],"wp:featuredmedia":[{"embeddable":true,"href":"https:\/\/zonaroja.com.mx\/index.php?rest_route=\/wp\/v2\/media\/52618"}],"wp:attachment":[{"href":"https:\/\/zonaroja.com.mx\/index.php?rest_route=%2Fwp%2Fv2%2Fmedia&parent=60105"}],"wp:term":[{"taxonomy":"category","embeddable":true,"href":"https:\/\/zonaroja.com.mx\/index.php?rest_route=%2Fwp%2Fv2%2Fcategories&post=60105"},{"taxonomy":"post_tag","embeddable":true,"href":"https:\/\/zonaroja.com.mx\/index.php?rest_route=%2Fwp%2Fv2%2Ftags&post=60105"}],"curies":[{"name":"wp","href":"https:\/\/api.w.org\/{rel}","templated":true}]}}