{"id":60107,"date":"2023-09-21T13:40:00","date_gmt":"2023-09-21T18:40:00","guid":{"rendered":"http:\/\/www.zonaroja.com.mx\/?p=60107"},"modified":"2023-09-21T08:42:45","modified_gmt":"2023-09-21T13:42:45","slug":"certifican-a-mediadores-que-intervienen-en-la-solucion-pacifica-de-conflictos","status":"publish","type":"post","link":"https:\/\/zonaroja.com.mx\/?p=60107","title":{"rendered":"Certifican a mediadores\u00a0que intervienen en la soluci\u00f3n pac\u00edfica de conflictos"},"content":{"rendered":"\n<p>Redacci\u00f3n\/Zona Roja.<\/p>\n\n\n\n<p>Oaxaca de Ju\u00e1rez, Oax., a 21 de septiembre de 2023.- El titular del Poder Judicial del Estado, magistrado Eduardo Pinacho S\u00e1nchez, realiz\u00f3 la entrega&nbsp;de certificaciones a&nbsp;15 mediadoras y mediadores del Centro de Justicia Alternativa, quienes&nbsp;acreditaron los procedimientos establecidos por la&nbsp;Comisi\u00f3n de Carrera Judicial&nbsp;del Consejo de la Judicatura, en cumplimiento a las&nbsp;disposiciones contenidas en la Ley Estatal de Mediaci\u00f3n para Oaxaca.<\/p>\n\n\n\n<p>Los&nbsp;medios alternativos&nbsp;para la soluci\u00f3n de conflictos exigen una profesionalizaci\u00f3n actualizada&nbsp;que cubran las necesidades de&nbsp;la sociedad;&nbsp;por ello, con el objetivo de consolidar los fines de la justicia alternativa,&nbsp;las y los servidores p\u00fablicos que realizan est\u00e1n funci\u00f3n deben acreditar diferentes&nbsp;procesos, presentar&nbsp;informes con estad\u00edsticas de las claves asignadas y convenios o acuerdos que hayan&nbsp;realizado en los dos a\u00f1os anteriores&nbsp;y&nbsp;evaluaciones te\u00f3rico-pr\u00e1cticas. &nbsp;&nbsp;<\/p>\n\n\n\n<p>En el marco de las actividades de la Semana de la Mediaci\u00f3n 2023, el Magistrado&nbsp;Presidente&nbsp;realiz\u00f3 la entrega de las certificaciones y felicit\u00f3 a las y los mediadores&nbsp;por el empe\u00f1o que han mostrado&nbsp;en sus labores a favor de&nbsp;las personas&nbsp;que optan por la soluci\u00f3n alternativa&nbsp;para resolver de manera pac\u00edfica sus problem\u00e1ticas, sin que tengan que acudir ante un juzgado.<\/p>\n\n\n\n<p>Por su parte, el presidente de la Comisi\u00f3n de Carrera Judicial, consejero Jos\u00e9 Francisco Espinosa Santib\u00e1\u00f1ez, explic\u00f3&nbsp;que,&nbsp;en meses pasados, las y los consejeros de la Judicatura dieron cumplimiento a todas las etapas del proceso, en el que tambi\u00e9n intervino&nbsp;el director del Instituto de Mecanismos Alternativos para la Soluci\u00f3n de Controversias del Estado de Nuevo Le\u00f3n, Rub\u00e9n Cardoza&nbsp;Moyr\u00f3n, como invitado externo y la&nbsp;directora del Centro de&nbsp;Justicia Alternativa,&nbsp;Betzzaida&nbsp;Cruz Mendoza.<\/p>\n\n\n\n<p>Las mediadoras y mediadores certificados son: Mayra Cristina Martell Mart\u00ednez, Isla Soledad Estrada S\u00e1nchez,&nbsp;Le\u00f3nida&nbsp;R\u00edos Jim\u00e9nez, Roxana Elizabeth V\u00e1squez Blanco, Mar\u00eda Eugenia&nbsp;Alav\u00e9s&nbsp;Morales, Griselda Patricia Gonz\u00e1lez Zavala, Pina Paola&nbsp;Chicatti&nbsp;Avenda\u00f1o,&nbsp;Silva Manzo Mar\u00edn,&nbsp;Rodolfo Chong Campos, Alberto Mej\u00eda Garc\u00eda,&nbsp;N\u00e9stor&nbsp;Gerardo Cabrera Valdovino, Amparo Arias Rivas, Marbella Ram\u00edrez Alejandro, Ver\u00f3nica Cruz Mat\u00edas y Nancy Flemming Tello.&nbsp;<\/p>\n\n\n\n<p>El proceso de certificaci\u00f3n se encuentra establecido&nbsp;en el Acuerdo 27\/2014 del Consejo de la Judicatura, a trav\u00e9s del cual se&nbsp;faculta a la Comisi\u00f3n de Carrera Judicial&nbsp;llevar&nbsp;a cabo los procedimientos&nbsp;respectivos.<\/p>\n","protected":false},"excerpt":{"rendered":"<p>Redacci\u00f3n\/Zona Roja. Oaxaca de Ju\u00e1rez, Oax., a 21 de septiembre de 2023.- El titular del&hellip;<\/p>\n","protected":false},"author":2,"featured_media":60109,"comment_status":"closed","ping_status":"open","sticky":false,"template":"","format":"standard","meta":{"_lmt_disableupdate":"","_lmt_disable":"","_jetpack_memberships_contains_paid_content":false,"footnotes":""},"categories":[109,46],"tags":[223],"class_list":["post-60107","post","type-post","status-publish","format-standard","has-post-thumbnail","hentry","category-minuto-a-minuto","category-zona-blanca","tag-poder-judicial-de-oaxaca"],"jetpack_featured_media_url":"https:\/\/zonaroja.com.mx\/wp-content\/uploads\/2023\/09\/Las-y-los-mediadores-acreditaron-la-evaluacion-realizada-por-la-Comision-de-Carrera-Judicial.jpeg","jetpack_sharing_enabled":true,"_links":{"self":[{"href":"https:\/\/zonaroja.com.mx\/index.php?rest_route=\/wp\/v2\/posts\/60107","targetHints":{"allow":["GET"]}}],"collection":[{"href":"https:\/\/zonaroja.com.mx\/index.php?rest_route=\/wp\/v2\/posts"}],"about":[{"href":"https:\/\/zonaroja.com.mx\/index.php?rest_route=\/wp\/v2\/types\/post"}],"author":[{"embeddable":true,"href":"https:\/\/zonaroja.com.mx\/index.php?rest_route=\/wp\/v2\/users\/2"}],"replies":[{"embeddable":true,"href":"https:\/\/zonaroja.com.mx\/index.php?rest_route=%2Fwp%2Fv2%2Fcomments&post=60107"}],"version-history":[{"count":1,"href":"https:\/\/zonaroja.com.mx\/index.php?rest_route=\/wp\/v2\/posts\/60107\/revisions"}],"predecessor-version":[{"id":60111,"href":"https:\/\/zonaroja.com.mx\/index.php?rest_route=\/wp\/v2\/posts\/60107\/revisions\/60111"}],"wp:featuredmedia":[{"embeddable":true,"href":"https:\/\/zonaroja.com.mx\/index.php?rest_route=\/wp\/v2\/media\/60109"}],"wp:attachment":[{"href":"https:\/\/zonaroja.com.mx\/index.php?rest_route=%2Fwp%2Fv2%2Fmedia&parent=60107"}],"wp:term":[{"taxonomy":"category","embeddable":true,"href":"https:\/\/zonaroja.com.mx\/index.php?rest_route=%2Fwp%2Fv2%2Fcategories&post=60107"},{"taxonomy":"post_tag","embeddable":true,"href":"https:\/\/zonaroja.com.mx\/index.php?rest_route=%2Fwp%2Fv2%2Ftags&post=60107"}],"curies":[{"name":"wp","href":"https:\/\/api.w.org\/{rel}","templated":true}]}}