{"id":6011,"date":"2019-11-23T12:38:28","date_gmt":"2019-11-23T18:38:28","guid":{"rendered":"http:\/\/www.zonaroja.com.mx\/?p=6011"},"modified":"2019-11-23T12:38:31","modified_gmt":"2019-11-23T18:38:31","slug":"la-sana-distintivo-de-la-violencia-feminicida-en-oaxaca-endireh","status":"publish","type":"post","link":"https:\/\/zonaroja.com.mx\/?p=6011","title":{"rendered":"La sa\u00f1a, distintivo de la violencia feminicida en Oaxaca: Endireh"},"content":{"rendered":"\n<p>Evlin Arag\u00f3n<\/p>\n\n\n\n<p>Oaxaca de Ju\u00e1rez, Oax., 233 de noviembre\nde 2019.- Las mujeres en Oaxaca son asesinadas con mayor violencia y sa\u00f1a, en\neventos donde se utilizan medios que producen mayor dolor, prolongan su\nsufrimiento antes de morir y sobre todo conllevan la aplicaci\u00f3n de la fuerza\ncorporal para someterlas.<\/p>\n\n\n\n<p>Los datos se encuentran detallados en\nla Encuesta Nacional sobre la Din\u00e1mica de las Relaciones en los Hogares (Endireh),\nque se publica en el marco del marco del \u202a25 de noviembre, D\u00eda Internacional de\nla Eliminaci\u00f3n de la Violencia contra la Mujer.<\/p>\n\n\n\n<p>Lo anterior refuerza los\npronunciamientos de las organizaciones sociales que realizan acompa\u00f1amiento a\nfamiliares de v\u00edctimas y reconoce la existencia de la problem\u00e1tica, que\ninstancias como la Fiscal\u00eda General del Estado de Oaxaca se empe\u00f1an en\nminimizar<\/p>\n\n\n\n<p>De acuerdo con la informaci\u00f3n\ndisponible sobre el medio o arma utilizada para causar la muerte de la persona,\nse aprecia que el medio m\u00e1s utilizado son las armas de fuego con un 58.3 por\nciento, seguido de un 27.4 por ciento de mujeres que fue estrangulada, ahorcada\no sofocada, ahogada, quemada, golpeada con alg\u00fan objeto o herida con un arma\npunzocortante.<\/p>\n\n\n\n<p>Pese al reconocimiento del feminicidio\ncomo delito en las leyes tanto a nivel federal como local y de las\nespecificaciones que establece el C\u00f3digo Penal para investigar y determinar si\nlos homicidios de una mujer corresponde a un feminicidio, los datos arrojados\npor la Fiscal\u00eda General de Justicia del Estado&nbsp;\nindican que son pocos los homicidios de mujeres los que se determinan\ncomo feminicidios.<\/p>\n\n\n\n<p>De acuerdo con la Endireh, los\nhomicidios violentos de mujeres son parte de una expresi\u00f3n estructural\noriginada por los patrones de g\u00e9nero ya que mientras la tasa de defunciones por\nhomicidio de hombres registra saltos significativos ya sea como incremento o\ndecremento, los de mujeres han estado menos sujetos a cambios de contexto o\ncoyunturales.<\/p>\n\n\n\n<p>Al igual que la violencia de g\u00e9nero, la\nde car\u00e1cter feminicida registra mayor incidencia en la poblaci\u00f3n joven menor de\n30 a\u00f1os, quienes en el 2018 representaron el 35.6 por ciento de los homicidios\nviolentos de mujeres.<\/p>\n\n\n\n<p>De las muertes por agresiones\nintencionales, la tasa m\u00e1s alta entre la poblaci\u00f3n juvenil es en mujeres de 22\na\u00f1os, con 20 por cada cien mil, mientras que la tasa de defunciones por\nhomicidio de mujeres menores de 30 a\u00f1os se ubica en 4.2 fallecidas por\nagresiones intencionales por cada 100 mil de este grupo de edad.<\/p>\n\n\n\n<p>Las organizaciones sociales en Oaxaca\nhan denunciado el imparable n\u00famero de feminicidios, recientemente el Grupo de\nEstudios sobre la Mujer \u201cRosario Castellanos\u201d asegur\u00f3 en lo que va de la\nadministraci\u00f3n de Alejandro Murat Hinojosa van 371 mujeres asesinadas de forma\nviolenta.<\/p>\n\n\n\n<p>Este 2019 podr\u00eda convertirse en el a\u00f1o\nm\u00e1s violento de la primera mitad del sexenio de un gobernante que en campa\u00f1a se\ncomprometi\u00f3 a combatir los feminicidios, lejos de esa promesa a\u00f1o con a\u00f1o han\nido en aumento pese a contar con instancias especializadas en atender los\ndelitos contra las oaxaque\u00f1as.<\/p>\n","protected":false},"excerpt":{"rendered":"<p>Evlin Arag\u00f3n Oaxaca de Ju\u00e1rez, Oax., 233 de noviembre de 2019.- Las mujeres en Oaxaca&hellip;<\/p>\n","protected":false},"author":2,"featured_media":6012,"comment_status":"closed","ping_status":"open","sticky":false,"template":"","format":"standard","meta":{"_lmt_disableupdate":"","_lmt_disable":"","_jetpack_memberships_contains_paid_content":false,"footnotes":""},"categories":[109,51],"tags":[610],"class_list":["post-6011","post","type-post","status-publish","format-standard","has-post-thumbnail","hentry","category-minuto-a-minuto","category-zona-roja","tag-feminicidios-oaxaca"],"jetpack_featured_media_url":"https:\/\/zonaroja.com.mx\/wp-content\/uploads\/2019\/11\/Violencia-de-G\u00e9nero-3.png","jetpack_sharing_enabled":true,"_links":{"self":[{"href":"https:\/\/zonaroja.com.mx\/index.php?rest_route=\/wp\/v2\/posts\/6011","targetHints":{"allow":["GET"]}}],"collection":[{"href":"https:\/\/zonaroja.com.mx\/index.php?rest_route=\/wp\/v2\/posts"}],"about":[{"href":"https:\/\/zonaroja.com.mx\/index.php?rest_route=\/wp\/v2\/types\/post"}],"author":[{"embeddable":true,"href":"https:\/\/zonaroja.com.mx\/index.php?rest_route=\/wp\/v2\/users\/2"}],"replies":[{"embeddable":true,"href":"https:\/\/zonaroja.com.mx\/index.php?rest_route=%2Fwp%2Fv2%2Fcomments&post=6011"}],"version-history":[{"count":1,"href":"https:\/\/zonaroja.com.mx\/index.php?rest_route=\/wp\/v2\/posts\/6011\/revisions"}],"predecessor-version":[{"id":6013,"href":"https:\/\/zonaroja.com.mx\/index.php?rest_route=\/wp\/v2\/posts\/6011\/revisions\/6013"}],"wp:featuredmedia":[{"embeddable":true,"href":"https:\/\/zonaroja.com.mx\/index.php?rest_route=\/wp\/v2\/media\/6012"}],"wp:attachment":[{"href":"https:\/\/zonaroja.com.mx\/index.php?rest_route=%2Fwp%2Fv2%2Fmedia&parent=6011"}],"wp:term":[{"taxonomy":"category","embeddable":true,"href":"https:\/\/zonaroja.com.mx\/index.php?rest_route=%2Fwp%2Fv2%2Fcategories&post=6011"},{"taxonomy":"post_tag","embeddable":true,"href":"https:\/\/zonaroja.com.mx\/index.php?rest_route=%2Fwp%2Fv2%2Ftags&post=6011"}],"curies":[{"name":"wp","href":"https:\/\/api.w.org\/{rel}","templated":true}]}}