{"id":60114,"date":"2023-09-21T14:47:00","date_gmt":"2023-09-21T19:47:00","guid":{"rendered":"http:\/\/www.zonaroja.com.mx\/?p=60114"},"modified":"2023-09-21T08:57:54","modified_gmt":"2023-09-21T13:57:54","slug":"eu-solicitara-a-mexico-la-captura-y-extradicion-de-todos-los-chapitos","status":"publish","type":"post","link":"https:\/\/zonaroja.com.mx\/?p=60114","title":{"rendered":"EU solicitar\u00e1 a M\u00e9xico la captura y extradici\u00f3n de todos \u00abLos Chapitos\u201d"},"content":{"rendered":"\n<p>Redacci\u00f3n\/Zona Roja Cdmx.<\/p>\n\n\n\n<p>Ciudad de M\u00e9xico, a 21 de septiembre de 2023.- Merrick Garland, fiscal general de Estados Unidos, dijo hoy ante la C\u00e1mara de Representantes de su pa\u00eds que se solicitar\u00e1 la captura y extradici\u00f3n de todos los hijos de Joaqu\u00edn Guzm\u00e1n Loera.<\/p>\n\n\n\n<p>\u201cObviamente han trabajado con nosotros con respecto a Ovidio. Su captura por parte de autoridades mexicanas provoc\u00f3 la muerte de un n\u00famero significante de marinos mexicanos\u201d, dijo el funcionario sobre el trabajo coordinado entre autoridades de su pa\u00eds y las de M\u00e9xico en contra del C\u00e1rtel de Sinaloa.<\/p>\n\n\n\n<p>\u201cNo quiero entrar en estas discusiones, discusiones diplom\u00e1ticas sobre la manera, pero obviamente hemos acusado a los otros &#8216;Chapitos&#8217; y por supuesto, pediremos la extradici\u00f3n y aprehensi\u00f3n\u201d, apunt\u00f3.<\/p>\n\n\n\n<p>Esta semana, Ovidio Guzm\u00e1n, uno de los hijos del encarcelado narcotraficante mexicano Joaqu\u00edn \u00abEl Chapo\u00bb Guzm\u00e1n, se declar\u00f3 inocente de los cargos de tr\u00e1fico de fentanilo en Estados Unidos ante un tribunal federal de Chicago, tres d\u00edas despu\u00e9s de su extradici\u00f3n desde M\u00e9xico.<\/p>\n\n\n\n<p>Guzm\u00e1n, de 33 a\u00f1os, es uno de los cuatro hijos de \u00abEl Chapo\u00bb, quien cumple cadena perpetua en una prisi\u00f3n de m\u00e1xima seguridad en Colorado. Son conocidos como \u00abLos Chapitos\u00bb y heredaron el imperio de narcotr\u00e1fico de su padre tras su condena por asesinato y comercio de drogas en Estados Unidos en 2019.<\/p>\n\n\n\n<p>Funcionarios estadounidenses dijeron que el arresto y la extradici\u00f3n de Ovidio Guzm\u00e1n representan una victoria significativa en los esfuerzos del gobierno del presidente Joe Biden para detener el flujo de fentanilo a trav\u00e9s de la frontera sur.<\/p>\n\n\n\n<p>Ovidio Guzm\u00e1n fue arrestado por corto tiempo en Culiac\u00e1n, en el estado norte\u00f1o Sinaloa, en 2019. Pero el presidente Andr\u00e9s Manuel L\u00f3pez Obrador orden\u00f3 su liberaci\u00f3n despu\u00e9s de que cientos de miembros del Cartel de Sinaloa abrumaran a las fuerzas de seguridad en la ciudad.<\/p>\n\n\n\n<p>Fue capturado nuevamente en enero despu\u00e9s de intensos tiroteos. Washington solicit\u00f3 su extradici\u00f3n en febrero.<\/p>\n\n\n\n<p>Dos de los seis cargos que enfrenta conllevan una pena de cadena perpetua obligatoria, dijeron fiscales. Estados Unidos acord\u00f3 no aplicar la pena de muerte como parte de su negociaci\u00f3n de extradici\u00f3n con M\u00e9xico. Su pr\u00f3xima cita en la corte est\u00e1 programada para noviembre.<\/p>\n\n\n\n<p>El fentanilo, un opioide sint\u00e9tico altamente adictivo, es responsable de casi 200 muertes diarias de estadounidenses, una cifra que ha tensado las relaciones entre los dos pa\u00edses y ha ejercido presi\u00f3n interna sobre el Gobierno para frenar la propagaci\u00f3n de la droga.<\/p>\n\n\n\n<p>En documentos judiciales, los fiscales dijeron que Ovidio y sus hermanos operaban una enorme red de tr\u00e1fico internacional que transportaba drogas a Estados Unidos utilizando aviones, submarinos, barcos pesqueros y vagones de ferrocarril, y que obten\u00edan cientos de millones de d\u00f3lares en ganancias.<\/p>\n\n\n\n<p>El Departamento de Estado ha ofrecido recompensas por valor de millones de d\u00f3lares por informaci\u00f3n que conduzca a la captura de los hijos de \u00abEl Chapo\u00bb Guzm\u00e1n, quien salt\u00f3 a la fama como el l\u00edder del Cartel de Sinaloa y tras escapar de prisiones mexicanas en dos ocasiones.<\/p>\n\n\n\n<p>Fue extraditado a Estados Unidos en 2017 y condenado en un tribunal federal de Brooklyn. El Cartel de Sinaloa es el principal responsable de fabricar y exportar fentanilo a trav\u00e9s de la frontera, seg\u00fan funcionarios estadounidenses.<\/p>\n\n\n\n<p>(Con informaci\u00f3n de la agencia Reuters, en \u201cExpansi\u00f3n Pol\u00edtica\u201d)<\/p>\n","protected":false},"excerpt":{"rendered":"<p>Redacci\u00f3n\/Zona Roja Cdmx. Ciudad de M\u00e9xico, a 21 de septiembre de 2023.- Merrick Garland, fiscal&hellip;<\/p>\n","protected":false},"author":2,"featured_media":60115,"comment_status":"closed","ping_status":"open","sticky":false,"template":"","format":"standard","meta":{"_lmt_disableupdate":"","_lmt_disable":"","_jetpack_memberships_contains_paid_content":false,"footnotes":""},"categories":[109,47],"tags":[887],"class_list":["post-60114","post","type-post","status-publish","format-standard","has-post-thumbnail","hentry","category-minuto-a-minuto","category-zona-gris","tag-ovidio-guzman-lopez"],"jetpack_featured_media_url":"https:\/\/zonaroja.com.mx\/wp-content\/uploads\/2023\/09\/Los-Chapitos-Chapo-Guzman.webp","jetpack_sharing_enabled":true,"_links":{"self":[{"href":"https:\/\/zonaroja.com.mx\/index.php?rest_route=\/wp\/v2\/posts\/60114","targetHints":{"allow":["GET"]}}],"collection":[{"href":"https:\/\/zonaroja.com.mx\/index.php?rest_route=\/wp\/v2\/posts"}],"about":[{"href":"https:\/\/zonaroja.com.mx\/index.php?rest_route=\/wp\/v2\/types\/post"}],"author":[{"embeddable":true,"href":"https:\/\/zonaroja.com.mx\/index.php?rest_route=\/wp\/v2\/users\/2"}],"replies":[{"embeddable":true,"href":"https:\/\/zonaroja.com.mx\/index.php?rest_route=%2Fwp%2Fv2%2Fcomments&post=60114"}],"version-history":[{"count":1,"href":"https:\/\/zonaroja.com.mx\/index.php?rest_route=\/wp\/v2\/posts\/60114\/revisions"}],"predecessor-version":[{"id":60116,"href":"https:\/\/zonaroja.com.mx\/index.php?rest_route=\/wp\/v2\/posts\/60114\/revisions\/60116"}],"wp:featuredmedia":[{"embeddable":true,"href":"https:\/\/zonaroja.com.mx\/index.php?rest_route=\/wp\/v2\/media\/60115"}],"wp:attachment":[{"href":"https:\/\/zonaroja.com.mx\/index.php?rest_route=%2Fwp%2Fv2%2Fmedia&parent=60114"}],"wp:term":[{"taxonomy":"category","embeddable":true,"href":"https:\/\/zonaroja.com.mx\/index.php?rest_route=%2Fwp%2Fv2%2Fcategories&post=60114"},{"taxonomy":"post_tag","embeddable":true,"href":"https:\/\/zonaroja.com.mx\/index.php?rest_route=%2Fwp%2Fv2%2Ftags&post=60114"}],"curies":[{"name":"wp","href":"https:\/\/api.w.org\/{rel}","templated":true}]}}