{"id":60119,"date":"2023-09-21T10:30:00","date_gmt":"2023-09-21T15:30:00","guid":{"rendered":"http:\/\/www.zonaroja.com.mx\/?p=60119"},"modified":"2023-09-21T09:42:35","modified_gmt":"2023-09-21T14:42:35","slug":"defienden-en-el-ine-a-consejera-elizabeth-sanchez-y-critican-a-contralor","status":"publish","type":"post","link":"https:\/\/zonaroja.com.mx\/?p=60119","title":{"rendered":"Defienden en el INE a consejera Elizabeth S\u00e1nchez y critican a contralor"},"content":{"rendered":"\n<p>Redacci\u00f3n.\/Zona Roja.<\/p>\n\n\n\n<p>Oaxaca de Ju\u00e1rez, Oax., a 21 de septiembre de 2023.- La Consejera Presidenta de la Comisi\u00f3n de Vinculaci\u00f3n con Organismos P\u00fablicos Locales Electorales del Instituto Nacional Electoral (INE), Dania Paola Ravel Cuevas, respald\u00f3 a Elizabeth S\u00e1nchez Gonz\u00e1lez y consider\u00f3 que el encargado de la Contralor\u00eda del IEEPCO se extralimit\u00f3 en sus funciones.<\/p>\n\n\n\n<p>En su intervenci\u00f3n ayer, en Asuntos Generales, expuso que la sanci\u00f3n de un mes de suspensi\u00f3n para la presidenta del \u00f3rgano electoral local (tras la determinaci\u00f3n de Salvador Alejandro Cruz Rodr\u00edguez, quien argumenta desv\u00edo de recursos), transgredi\u00f3 una atribuci\u00f3n constitucional exclusiva del INE.<\/p>\n\n\n\n<p>Por ello, el \u00f3rgano electoral federal promovi\u00f3 un juicio electoral urgente ante la Sala Superior del Tribunal Electoral del Poder Judicial de la Federaci\u00f3n, para controvertir esa decisi\u00f3n.<\/p>\n\n\n\n<p>Asegur\u00f3 que en el INE, respetan el estado de derecho, acat\u00f3 la determinaci\u00f3n de suspender por un mes a S\u00e1nchez Gonz\u00e1lez, aunque no la comparten.<\/p>\n\n\n\n<p>\u201cDicho sea de paso, seguimos explorando nuevas rutas jur\u00eddicas para poder controvertir esta decisi\u00f3n\u201d.<\/p>\n\n\n\n<p>Consider\u00f3 que los hechos que han tenido lugar en el IEEPCO, \u201csin duda, afectan el funcionamiento del \u00f3rgano superior de direcci\u00f3n de este instituto en pleno proceso local\u201d para renovar el congreso y 153 municipios que se rigen bajo el sistema de partidos.<\/p>\n\n\n\n<p>Refiri\u00f3 que el pasado 14 de septiembre el INE tuvo conocimiento de la suspensi\u00f3n temporal de la presidenta del IEPCO por parte de la contralor\u00eda general del OPLE, por presunta infracci\u00f3n administrativa.<\/p>\n\n\n\n<p>Confirm\u00f3 que, el mismo d\u00eda en que le notificaron esa medida cautelar, remiti\u00f3 un oficio a la Secretar\u00eda Ejecutiva del OPLE para que informara a este Instituto qu\u00e9 consejer\u00eda ocupar\u00eda provisionalmente la presidencia de ese organismo p\u00fablico local.<\/p>\n\n\n\n<p>No obstante, aclar\u00f3 que ese oficio no constituye una aprobaci\u00f3n a la determinaci\u00f3n de la contralor\u00eda general del OPLE de Oaxaca, \u201csino que se trata m\u00e1s bien de una medida operativa que protege y da certeza al desarrollo del proceso electoral local en Oaxaca\u201d, el cual, inici\u00f3 el pasado 8 de septiembre.&nbsp;<\/p>\n\n\n\n<p>\u201cEl OIC (Organismo Interno de la Contralor\u00eda) del OPLE de Oaxaca transgrede una atribuci\u00f3n constitucional y legalmente conferida, exclusivamente a este Consejo General, porque al establecer una suspensi\u00f3n temporal sin un plazo definido, de facto, est\u00e1 removiendo a la Presidenta del OPLE, sin siquiera haberle comprobado una sanci\u00f3n administrativa\u201d, critic\u00f3.<\/p>\n\n\n\n<p>Advirti\u00f3 que la suspensi\u00f3n de la presidenta del IEEPCO, es de la mayor gravedad, al producirse adem\u00e1s, en un contexto en el que ha iniciado tanto el proceso electoral federal como el proceso local en Oaxaca.<\/p>\n\n\n\n<p>Dijo que es desproporcional y excesivo una medida cautelar que remueva del ejercicio de sus funciones a la Presidenta de dicho instituto electoral local.<\/p>\n\n\n\n<p>(Con informaci\u00f3n de agencias)<\/p>\n","protected":false},"excerpt":{"rendered":"<p>Redacci\u00f3n.\/Zona Roja. Oaxaca de Ju\u00e1rez, Oax., a 21 de septiembre de 2023.- La Consejera Presidenta&hellip;<\/p>\n","protected":false},"author":2,"featured_media":60123,"comment_status":"closed","ping_status":"open","sticky":false,"template":"","format":"standard","meta":{"_lmt_disableupdate":"","_lmt_disable":"","_jetpack_memberships_contains_paid_content":false,"footnotes":""},"categories":[109,46],"tags":[],"class_list":["post-60119","post","type-post","status-publish","format-standard","has-post-thumbnail","hentry","category-minuto-a-minuto","category-zona-blanca"],"jetpack_featured_media_url":"https:\/\/zonaroja.com.mx\/wp-content\/uploads\/2023\/09\/Dania-Paola-Ravel.webp","jetpack_sharing_enabled":true,"_links":{"self":[{"href":"https:\/\/zonaroja.com.mx\/index.php?rest_route=\/wp\/v2\/posts\/60119","targetHints":{"allow":["GET"]}}],"collection":[{"href":"https:\/\/zonaroja.com.mx\/index.php?rest_route=\/wp\/v2\/posts"}],"about":[{"href":"https:\/\/zonaroja.com.mx\/index.php?rest_route=\/wp\/v2\/types\/post"}],"author":[{"embeddable":true,"href":"https:\/\/zonaroja.com.mx\/index.php?rest_route=\/wp\/v2\/users\/2"}],"replies":[{"embeddable":true,"href":"https:\/\/zonaroja.com.mx\/index.php?rest_route=%2Fwp%2Fv2%2Fcomments&post=60119"}],"version-history":[{"count":1,"href":"https:\/\/zonaroja.com.mx\/index.php?rest_route=\/wp\/v2\/posts\/60119\/revisions"}],"predecessor-version":[{"id":60120,"href":"https:\/\/zonaroja.com.mx\/index.php?rest_route=\/wp\/v2\/posts\/60119\/revisions\/60120"}],"wp:featuredmedia":[{"embeddable":true,"href":"https:\/\/zonaroja.com.mx\/index.php?rest_route=\/wp\/v2\/media\/60123"}],"wp:attachment":[{"href":"https:\/\/zonaroja.com.mx\/index.php?rest_route=%2Fwp%2Fv2%2Fmedia&parent=60119"}],"wp:term":[{"taxonomy":"category","embeddable":true,"href":"https:\/\/zonaroja.com.mx\/index.php?rest_route=%2Fwp%2Fv2%2Fcategories&post=60119"},{"taxonomy":"post_tag","embeddable":true,"href":"https:\/\/zonaroja.com.mx\/index.php?rest_route=%2Fwp%2Fv2%2Ftags&post=60119"}],"curies":[{"name":"wp","href":"https:\/\/api.w.org\/{rel}","templated":true}]}}