{"id":60126,"date":"2023-09-21T11:58:00","date_gmt":"2023-09-21T16:58:00","guid":{"rendered":"http:\/\/www.zonaroja.com.mx\/?p=60126"},"modified":"2023-09-21T13:20:51","modified_gmt":"2023-09-21T18:20:51","slug":"diputados-aprueban-auditoria-al-ieepco-pero-no-cambio-de-contralor","status":"publish","type":"post","link":"https:\/\/zonaroja.com.mx\/?p=60126","title":{"rendered":"Diputados aprueban auditor\u00eda al IEEPCO\u2026 pero no cambio de contralor"},"content":{"rendered":"\n<p>Ismael Garc\u00eda M.\/Zona Roja.<\/p>\n\n\n\n<p>Oaxaca de Ju\u00e1rez, Oax., a 21 de septiembre de 2023.- El pleno de la 65 Legislatura del Congreso local aprob\u00f3 ayer un exhorto para que la aplicaci\u00f3n de una auditor\u00eda al Instituto Estatal Electoral y de Participaci\u00f3n Ciudadana de Oaxaca (IEEPCO); sin embargo, desech\u00f3 la propuesta de cambio del encargado de la Contralor\u00eda Interna del \u00f3rgano local.<\/p>\n\n\n\n<p>Ayer, en la sesi\u00f3n ordinaria, la diputada por el PRI, Mar\u00eda Luis Matus Fuentes, propuso que el Poder Legislativo renueve ya la Contralor\u00eda, pues el actual encargado, Salvador Alejandro Cruz Rodr\u00edguez, tiene vencido el plazo para el que fue electo, desde abril pasado.<\/p>\n\n\n\n<p>El contralor que dict\u00f3 la medida de suspensi\u00f3n para Elizabeth S\u00e1nchez Gonz\u00e1lez \u201cfue designado por la 64 Legislatura, mediante el decreto n\u00famero 630 emitido el 10 de abril de 2019, por un periodo de tres a\u00f1os.<\/p>\n\n\n\n<p>\u201cEs decir, su nombramiento concluy\u00f3 el 10 de abril de 2022; el Poder Legislativo hemos sido omisivo en nuestras responsabilidades; preocupa y nos debiera ocupar porque en el actual dilema que vive el \u00f3rgano local, existe una medida que deja dudas.<\/p>\n\n\n\n<p>\u201cPrimero por quien la dicta, porque su nombramiento est\u00e1 vencido, y segundo porque se est\u00e1 vulnerando la garant\u00eda del debido proceso y la presunci\u00f3n de inocencia\u201d, consider\u00f3, ante lo cual plante\u00f3 la renovaci\u00f3n del contralor.<\/p>\n\n\n\n<p>Sin embargo, su exhorto presentado como Punto de Acuerdo no fue considerado de obvia y urgente resoluci\u00f3n y fue turnado a la comisi\u00f3n respectiva.<\/p>\n\n\n\n<p>EL ACUERDO<\/p>\n\n\n\n<p>En tanto, con 28 votos a favor, la 65 Legislatura local solicit\u00f3 a la titular de la Auditor\u00eda Superior de Fiscalizaci\u00f3n del Estado de Oaxaca (ASFE) realice una revisi\u00f3n y fiscalizaci\u00f3n de los ingresos, egresos, el manejo, la custodia, la administraci\u00f3n y aplicaci\u00f3n de fondos y recursos p\u00fablicos del Instituto Estatal Electoral y de Participaci\u00f3n Ciudadana de Oaxaca (IEEPCO).<\/p>\n\n\n\n<p>Lo anterior, ante los presuntos desv\u00edos de recursos inmersos en la auditor\u00eda IEEPCO-OIC-APE-02\/2021, practicada por la Contralor\u00eda General de dicho \u00f3rgano aut\u00f3nomo.<\/p>\n\n\n\n<p>En tribuna, la diputada Clelia Toledo Bernal, una de las promoventes de este llamado, expuso el caso del IEEPCO, en donde el encargado de la Contralor\u00eda General, Salvador Alejandro Cruz Rodr\u00edguez, determin\u00f3 la medida cautelar de suspender provisionalmente a la presidenta del \u00f3rgano electoral del estado, Elizabeth S\u00e1nchez Gonz\u00e1lez, por presunto desv\u00edo de recursos.<\/p>\n\n\n\n<p>Lo cual, dijo, se busca \u00abimpedir que se contin\u00faen realizando los efectos perjudiciales en contra del erario del referido \u00f3rgano electoral, pudiendo causar perjuicio en el patrimonio de dicho Instituto Electoral.<\/p>\n\n\n\n<p>Asimismo, para evitar que se provoque un perjuicio en la organizaci\u00f3n de las pr\u00f3ximas elecciones del proceso electoral 2023-2024, que comenz\u00f3 el 8 de septiembre del presente a\u00f1o.<\/p>\n","protected":false},"excerpt":{"rendered":"<p>Ismael Garc\u00eda M.\/Zona Roja. Oaxaca de Ju\u00e1rez, Oax., a 21 de septiembre de 2023.- El&hellip;<\/p>\n","protected":false},"author":2,"featured_media":52910,"comment_status":"closed","ping_status":"open","sticky":false,"template":"","format":"standard","meta":{"_lmt_disableupdate":"","_lmt_disable":"","_jetpack_memberships_contains_paid_content":false,"footnotes":""},"categories":[109,46],"tags":[],"class_list":["post-60126","post","type-post","status-publish","format-standard","has-post-thumbnail","hentry","category-minuto-a-minuto","category-zona-blanca"],"jetpack_featured_media_url":"https:\/\/zonaroja.com.mx\/wp-content\/uploads\/2023\/03\/Sesion-Congreso-de-Oaxaca.jpeg","jetpack_sharing_enabled":true,"_links":{"self":[{"href":"https:\/\/zonaroja.com.mx\/index.php?rest_route=\/wp\/v2\/posts\/60126","targetHints":{"allow":["GET"]}}],"collection":[{"href":"https:\/\/zonaroja.com.mx\/index.php?rest_route=\/wp\/v2\/posts"}],"about":[{"href":"https:\/\/zonaroja.com.mx\/index.php?rest_route=\/wp\/v2\/types\/post"}],"author":[{"embeddable":true,"href":"https:\/\/zonaroja.com.mx\/index.php?rest_route=\/wp\/v2\/users\/2"}],"replies":[{"embeddable":true,"href":"https:\/\/zonaroja.com.mx\/index.php?rest_route=%2Fwp%2Fv2%2Fcomments&post=60126"}],"version-history":[{"count":1,"href":"https:\/\/zonaroja.com.mx\/index.php?rest_route=\/wp\/v2\/posts\/60126\/revisions"}],"predecessor-version":[{"id":60127,"href":"https:\/\/zonaroja.com.mx\/index.php?rest_route=\/wp\/v2\/posts\/60126\/revisions\/60127"}],"wp:featuredmedia":[{"embeddable":true,"href":"https:\/\/zonaroja.com.mx\/index.php?rest_route=\/wp\/v2\/media\/52910"}],"wp:attachment":[{"href":"https:\/\/zonaroja.com.mx\/index.php?rest_route=%2Fwp%2Fv2%2Fmedia&parent=60126"}],"wp:term":[{"taxonomy":"category","embeddable":true,"href":"https:\/\/zonaroja.com.mx\/index.php?rest_route=%2Fwp%2Fv2%2Fcategories&post=60126"},{"taxonomy":"post_tag","embeddable":true,"href":"https:\/\/zonaroja.com.mx\/index.php?rest_route=%2Fwp%2Fv2%2Ftags&post=60126"}],"curies":[{"name":"wp","href":"https:\/\/api.w.org\/{rel}","templated":true}]}}