{"id":60129,"date":"2023-09-21T15:05:04","date_gmt":"2023-09-21T20:05:04","guid":{"rendered":"http:\/\/www.zonaroja.com.mx\/?p=60129"},"modified":"2023-09-21T15:05:06","modified_gmt":"2023-09-21T20:05:06","slug":"escalan-conflictos-educativos-en-oaxaca-este-jueves","status":"publish","type":"post","link":"https:\/\/zonaroja.com.mx\/?p=60129","title":{"rendered":"Escalan conflictos educativos en Oaxaca, este jueves"},"content":{"rendered":"\n<p>Ismael Garc\u00eda\/Zona Roja.<\/p>\n\n\n\n<p>Oaxaca de Ju\u00e1rez, Oax., a 21 de septiembre de 2023.- Las protestas, marchas y bloqueos por parte de instituciones educativas se incrementaron este jueves en Oaxaca.<\/p>\n\n\n\n<p>La ma\u00f1ana de hoy, estudiantes, padres de familia y docentes de la Universidad Tecnol\u00f3gica de Valles Centrales de Oaxaca (UTVCO), marcharon de la fuente de las Ocho Regiones hacia el z\u00f3calo de la capital.<\/p>\n\n\n\n<p>Lo anterior, para insistir en la renuncia de la rectora Tania L\u00f3pez L\u00f3pez, ante su negativa de dialogar con los inconformes y alcanzar acuerdos, tras el despido de 14 personas, la mitad de ellos docentes.<\/p>\n\n\n\n<p>Ayer supuestamente reanudaron las clases en la sede del plantel, ubicado en San Pablo Huixtepec, tras llegar a acuerdo con los manifestantes.&nbsp;<\/p>\n\n\n\n<p>Sin embargo, despu\u00e9s del mediod\u00eda, quienes exigen un di\u00e1logo, volvieron a apoderarse de las instalaciones y este d\u00eda, adem\u00e1s cerraron el Centro Gastron\u00f3mico de Oaxaca, donde hay una sede de la Universidad.&nbsp;<\/p>\n\n\n\n<p>En conferencia de prensa hoy, el secretario de Gobierno, Jes\u00fas Romero L\u00f3pez, dijo que hay intereses oscuros detr\u00e1s de esas movilizaciones.&nbsp;<\/p>\n\n\n\n<p>LOS NORMALISTAS<\/p>\n\n\n\n<p>Por otra parte, estudiantes normalistas bloquearon por segundo d\u00eda la calzada San Felipe, al norte de la ciudad de Oaxaca, frente a las instalaciones del Centro Regional de Educaci\u00f3n Normal de Oaxaca (CRENO).&nbsp;<\/p>\n\n\n\n<p>Por problemas menores menores con el director del plantel y con el Instituto Estatal de Educaci\u00f3n P\u00fablica de Oaxaca (IEEPO), no han podido alcanzar acuerdos.<\/p>\n\n\n\n<p>Ayer, el representante de la instituci\u00f3n educativa manifestaba estar enfermo, por lo cual no pudo atenderlos.<\/p>\n\n\n\n<p>Despu\u00e9s de las 13:00 horas retiraron su bloqueo, aunque hasta el momento no han revelado los acuerdos alcanzados.&nbsp;<\/p>\n\n\n\n<p>EN EL ISTMO<\/p>\n\n\n\n<p>Mientras tanto en la regi\u00f3n del Istmo, por cuarto d\u00eda docentes afiliados a la Secci\u00f3n 22, bloquean la carretera Panamericana, a la altura de R\u00edo Ostuta, en el tramo, entre &nbsp;Santiago Niltepec-Santo Domingo Zanatepec.&nbsp;<\/p>\n\n\n\n<p>La demanda desde el inicio de la semana es que el IEEPO cancele m\u00f3dulos irregulares que autoriz\u00f3 al Sindicato Independiente de Trabajadores de la Educaci\u00f3n de M\u00e9xico (SITEM).<\/p>\n\n\n\n<p>No obstante, el director Emilio Montero P\u00e9rez ha hecho caso omiso hasta el momento, y por lo cual la manifestaci\u00f3n prev\u00e9 continuar hasta el fin de semana, con el consecuente cierre del tr\u00e1nsito vehicular de Oaxaca hacia el estado de Chiapas.&nbsp;<\/p>\n\n\n\n<p><\/p>\n","protected":false},"excerpt":{"rendered":"<p>Ismael Garc\u00eda\/Zona Roja. Oaxaca de Ju\u00e1rez, Oax., a 21 de septiembre de 2023.- Las protestas,&hellip;<\/p>\n","protected":false},"author":2,"featured_media":60128,"comment_status":"closed","ping_status":"open","sticky":false,"template":"","format":"standard","meta":{"_lmt_disableupdate":"","_lmt_disable":"","_jetpack_memberships_contains_paid_content":false,"footnotes":""},"categories":[109,47],"tags":[],"class_list":["post-60129","post","type-post","status-publish","format-standard","has-post-thumbnail","hentry","category-minuto-a-minuto","category-zona-gris"],"jetpack_featured_media_url":"https:\/\/zonaroja.com.mx\/wp-content\/uploads\/2023\/09\/5a2196cd-fac0-479a-bfa6-d1ac647e23f3.jpg","jetpack_sharing_enabled":true,"_links":{"self":[{"href":"https:\/\/zonaroja.com.mx\/index.php?rest_route=\/wp\/v2\/posts\/60129","targetHints":{"allow":["GET"]}}],"collection":[{"href":"https:\/\/zonaroja.com.mx\/index.php?rest_route=\/wp\/v2\/posts"}],"about":[{"href":"https:\/\/zonaroja.com.mx\/index.php?rest_route=\/wp\/v2\/types\/post"}],"author":[{"embeddable":true,"href":"https:\/\/zonaroja.com.mx\/index.php?rest_route=\/wp\/v2\/users\/2"}],"replies":[{"embeddable":true,"href":"https:\/\/zonaroja.com.mx\/index.php?rest_route=%2Fwp%2Fv2%2Fcomments&post=60129"}],"version-history":[{"count":1,"href":"https:\/\/zonaroja.com.mx\/index.php?rest_route=\/wp\/v2\/posts\/60129\/revisions"}],"predecessor-version":[{"id":60130,"href":"https:\/\/zonaroja.com.mx\/index.php?rest_route=\/wp\/v2\/posts\/60129\/revisions\/60130"}],"wp:featuredmedia":[{"embeddable":true,"href":"https:\/\/zonaroja.com.mx\/index.php?rest_route=\/wp\/v2\/media\/60128"}],"wp:attachment":[{"href":"https:\/\/zonaroja.com.mx\/index.php?rest_route=%2Fwp%2Fv2%2Fmedia&parent=60129"}],"wp:term":[{"taxonomy":"category","embeddable":true,"href":"https:\/\/zonaroja.com.mx\/index.php?rest_route=%2Fwp%2Fv2%2Fcategories&post=60129"},{"taxonomy":"post_tag","embeddable":true,"href":"https:\/\/zonaroja.com.mx\/index.php?rest_route=%2Fwp%2Fv2%2Ftags&post=60129"}],"curies":[{"name":"wp","href":"https:\/\/api.w.org\/{rel}","templated":true}]}}