{"id":60140,"date":"2023-09-21T22:56:57","date_gmt":"2023-09-22T03:56:57","guid":{"rendered":"http:\/\/www.zonaroja.com.mx\/?p=60140"},"modified":"2023-09-21T22:57:00","modified_gmt":"2023-09-22T03:57:00","slug":"detienen-a-diputado-del-pt-en-hidalgo-con-droga-y-armas-de-fuego","status":"publish","type":"post","link":"https:\/\/zonaroja.com.mx\/?p=60140","title":{"rendered":"Detienen a diputado del PT en Hidalgo con droga y armas de fuego"},"content":{"rendered":"\n<p>Redacci\u00f3n\/Zona Roja Cdmx.<\/p>\n\n\n\n<p>Ciudad de M\u00e9xico, a 21 de septiembre de 2023.- La madrugada de este jueves fue detenido el diputado del PT en el Congreso de Hidalgo, Edgar Hern\u00e1ndez Da\u00f1u con marihuana, cristal y armas de fuego en la comunidad de San Nicol\u00e1s, perteneciente al municipio de Ixmiquilpan.<\/p>\n\n\n\n<p>Durante el cateo en su domicilio le fueron decomisadas dos armas, una larga y una corta, adem\u00e1s de cartuchos y varias dosis de droga.<\/p>\n\n\n\n<p>En sus redes sociales, Santiago Nieto, encargado del despacho de la Procuradur\u00eda de Hidalgo, dio a conocer la detenci\u00f3n.<\/p>\n\n\n\n<p>Adem\u00e1s del legislador petista, tambi\u00e9n se detuvo a una mujer identificada con las iniciales B. A. L. D.<\/p>\n\n\n\n<p>Fue una denuncia an\u00f3nima donde se inform\u00f3 que el diputado hab\u00eda enviado algunos mensajes en los que hac\u00eda referencia a las armas.<\/p>\n\n\n\n<p>Edgar Hern\u00e1ndez Da\u00f1u ya hab\u00eda sido acusado en otras ocasiones del delito de violaci\u00f3n y acoso sexual.<\/p>\n\n\n\n<p>Hasta el momento, la dirigencia del PT en Hidalgo no se ha pronunciado al respecto de la detenci\u00f3n del legislador.<\/p>\n\n\n\n<p>(Informaci\u00f3n de Pol\u00edtico Mx)<\/p>\n","protected":false},"excerpt":{"rendered":"<p>Redacci\u00f3n\/Zona Roja Cdmx. Ciudad de M\u00e9xico, a 21 de septiembre de 2023.- La madrugada de&hellip;<\/p>\n","protected":false},"author":2,"featured_media":60141,"comment_status":"closed","ping_status":"open","sticky":false,"template":"","format":"standard","meta":{"_lmt_disableupdate":"","_lmt_disable":"","_jetpack_memberships_contains_paid_content":false,"footnotes":""},"categories":[109,47],"tags":[3680],"class_list":["post-60140","post","type-post","status-publish","format-standard","has-post-thumbnail","hentry","category-minuto-a-minuto","category-zona-gris","tag-edgar-hernandez-danu"],"jetpack_featured_media_url":"https:\/\/zonaroja.com.mx\/wp-content\/uploads\/2023\/09\/Edgar-Hernandez-Danu.webp","jetpack_sharing_enabled":true,"_links":{"self":[{"href":"https:\/\/zonaroja.com.mx\/index.php?rest_route=\/wp\/v2\/posts\/60140","targetHints":{"allow":["GET"]}}],"collection":[{"href":"https:\/\/zonaroja.com.mx\/index.php?rest_route=\/wp\/v2\/posts"}],"about":[{"href":"https:\/\/zonaroja.com.mx\/index.php?rest_route=\/wp\/v2\/types\/post"}],"author":[{"embeddable":true,"href":"https:\/\/zonaroja.com.mx\/index.php?rest_route=\/wp\/v2\/users\/2"}],"replies":[{"embeddable":true,"href":"https:\/\/zonaroja.com.mx\/index.php?rest_route=%2Fwp%2Fv2%2Fcomments&post=60140"}],"version-history":[{"count":1,"href":"https:\/\/zonaroja.com.mx\/index.php?rest_route=\/wp\/v2\/posts\/60140\/revisions"}],"predecessor-version":[{"id":60142,"href":"https:\/\/zonaroja.com.mx\/index.php?rest_route=\/wp\/v2\/posts\/60140\/revisions\/60142"}],"wp:featuredmedia":[{"embeddable":true,"href":"https:\/\/zonaroja.com.mx\/index.php?rest_route=\/wp\/v2\/media\/60141"}],"wp:attachment":[{"href":"https:\/\/zonaroja.com.mx\/index.php?rest_route=%2Fwp%2Fv2%2Fmedia&parent=60140"}],"wp:term":[{"taxonomy":"category","embeddable":true,"href":"https:\/\/zonaroja.com.mx\/index.php?rest_route=%2Fwp%2Fv2%2Fcategories&post=60140"},{"taxonomy":"post_tag","embeddable":true,"href":"https:\/\/zonaroja.com.mx\/index.php?rest_route=%2Fwp%2Fv2%2Ftags&post=60140"}],"curies":[{"name":"wp","href":"https:\/\/api.w.org\/{rel}","templated":true}]}}