{"id":60145,"date":"2023-09-22T09:30:00","date_gmt":"2023-09-22T14:30:00","guid":{"rendered":"http:\/\/www.zonaroja.com.mx\/?p=60145"},"modified":"2023-09-22T08:14:41","modified_gmt":"2023-09-22T13:14:41","slug":"dan-30-anos-de-prision-a-dos-sujetos-por-homicidio-en-tonameca-pochutla","status":"publish","type":"post","link":"https:\/\/zonaroja.com.mx\/?p=60145","title":{"rendered":"Dan 30 a\u00f1os de prisi\u00f3n a dos sujetos por homicidio en Tonameca, Pochutla"},"content":{"rendered":"\n<p>Redacci\u00f3n\/Zona Roja.<\/p>\n\n\n\n<p>Oaxaca de Ju\u00e1rez, Oax., a 22 de septiembre de 2023.-&nbsp;La Fiscal\u00eda General del Estado obtuvo una sentencia condenatoria de 30 a\u00f1os de prisi\u00f3n en contra de P.O.E. y G.O.H.&nbsp; por el delito de homicidio calificado cometido en la regi\u00f3n de la Costa.<\/p>\n\n\n\n<p>De acuerdo con el expediente penal del caso, los hechos ocurrieron el 7 de enero de 2020 en la comunidad de Yerba Santa, perteneciente al municipio de Santa Mar\u00eda Tonameca, sitio en el cual los sentenciados dispararon contra la v\u00edctima identificada como A.O.J. mientras transitaba por un callej\u00f3n de la comunidad, lesiones que le ocasionaron la muerte.<\/p>\n\n\n\n<p>Al tener conocimiento del caso, la Fiscal\u00eda General del Estado realiz\u00f3 las investigaciones correspondientes por medio de la Vicefiscal\u00eda Regional de la Costa, lo que permiti\u00f3 que obtuviera las \u00f3rdenes de aprehensi\u00f3n correspondientes.<\/p>\n\n\n\n<p>Luego de ello, se presentaron las pruebas que permitieron demostrar la responsabilidad de P.O.E y G.O.H., por lo que el Juez dict\u00f3 sentencia condenatoria de 30 a\u00f1os de prisi\u00f3n para cada uno de los responsables y el pago por reparaci\u00f3n de da\u00f1o de m\u00e1s de 430 mil pesos.<\/p>\n\n\n\n<p>La Fiscal\u00eda General del Estado refrenda su compromiso por realizar labores de investigaci\u00f3n que permita a las v\u00edctimas directas e indirectas que tengan pleno acceso a la justicia y obtengan el beneficio de la reparaci\u00f3n del da\u00f1o.<\/p>\n\n\n\n<p>Fiscal\u00eda de Oaxaca aprehende a un hombre por violaci\u00f3n y abuso sexual cometido contra una ni\u00f1a y una adolescente<\/p>\n\n\n\n<p>ABUSADOR SEXUAL DETENIDO<\/p>\n\n\n\n<p>Por otra parte, la Fiscal\u00eda General ejecut\u00f3 una orden de aprehensi\u00f3n para detener a P. H. V., por los delitos de Violaci\u00f3n, Violaci\u00f3n Equiparada Agravada y Abuso Sexual cometidos en contra de dos mujeres menores de edad.<\/p>\n\n\n\n<p>En el caso de la primera v\u00edctima, los hechos ocurrieron en diferentes fechas entre julio y septiembre de 2023, principalmente en un domicilio particular localizado en la colonia Monte Alb\u00e1n de la Agencia Municipal de San Mart\u00edn Mexic\u00e1pam, en la ciudad de Oaxaca de Ju\u00e1rez.<\/p>\n\n\n\n<p>En dicho sitio, la v\u00edctima (una adolescente de 13 a\u00f1os de edad, cuya identidad est\u00e1 reservada por ley) fue agredida de manera sexual en varias ocasiones. Mientras que, la segunda v\u00edctima es una ni\u00f1a que sufri\u00f3 agresiones sexuales de diferentes tipos desde que ten\u00eda ocho a\u00f1os de edad, en 2019, situaci\u00f3n que sufri\u00f3 hasta julio de 2023.<\/p>\n\n\n\n<p>Las familias de ambas v\u00edctimas acudieron ante la FGEO para denunciar los hechos, por lo que se iniciaron los trabajos correspondientes a cargo de la Fiscal\u00eda Especializada para la Atenci\u00f3n a Delitos Contra la Mujer por Raz\u00f3n de G\u00e9nero, que obtuvo una orden de aprehensi\u00f3n por el caso.<\/p>\n\n\n\n<p>Por lo cual, elementos de la Agencia Estatal de Investigaciones (AEI) ejecutaron una orden de aprehensi\u00f3n contra P. H. V., mandato judicial por el que fue puesto a disposici\u00f3n de la autoridad ministerial respectiva para resolver su situaci\u00f3n jur\u00eddica.<\/p>\n\n\n\n<p>La Fiscal\u00eda de Oaxaca cuenta con \u00e1reas especializadas para la atenci\u00f3n y acompa\u00f1amiento de las v\u00edctimas de delitos sexuales, servicios que se priorizan cuando se trata de ni\u00f1as, ni\u00f1os y adolescentes.<\/p>\n","protected":false},"excerpt":{"rendered":"<p>Redacci\u00f3n\/Zona Roja. Oaxaca de Ju\u00e1rez, Oax., a 22 de septiembre de 2023.-&nbsp;La Fiscal\u00eda General del&hellip;<\/p>\n","protected":false},"author":2,"featured_media":30723,"comment_status":"closed","ping_status":"open","sticky":false,"template":"","format":"standard","meta":{"_lmt_disableupdate":"","_lmt_disable":"","_jetpack_memberships_contains_paid_content":false,"footnotes":""},"categories":[109,46],"tags":[494],"class_list":["post-60145","post","type-post","status-publish","format-standard","has-post-thumbnail","hentry","category-minuto-a-minuto","category-zona-blanca","tag-fiscalia-general-del-estado-de-oaxaca"],"jetpack_featured_media_url":"https:\/\/zonaroja.com.mx\/wp-content\/uploads\/2021\/08\/Prision-carcel-1.jpg","jetpack_sharing_enabled":true,"_links":{"self":[{"href":"https:\/\/zonaroja.com.mx\/index.php?rest_route=\/wp\/v2\/posts\/60145","targetHints":{"allow":["GET"]}}],"collection":[{"href":"https:\/\/zonaroja.com.mx\/index.php?rest_route=\/wp\/v2\/posts"}],"about":[{"href":"https:\/\/zonaroja.com.mx\/index.php?rest_route=\/wp\/v2\/types\/post"}],"author":[{"embeddable":true,"href":"https:\/\/zonaroja.com.mx\/index.php?rest_route=\/wp\/v2\/users\/2"}],"replies":[{"embeddable":true,"href":"https:\/\/zonaroja.com.mx\/index.php?rest_route=%2Fwp%2Fv2%2Fcomments&post=60145"}],"version-history":[{"count":1,"href":"https:\/\/zonaroja.com.mx\/index.php?rest_route=\/wp\/v2\/posts\/60145\/revisions"}],"predecessor-version":[{"id":60146,"href":"https:\/\/zonaroja.com.mx\/index.php?rest_route=\/wp\/v2\/posts\/60145\/revisions\/60146"}],"wp:featuredmedia":[{"embeddable":true,"href":"https:\/\/zonaroja.com.mx\/index.php?rest_route=\/wp\/v2\/media\/30723"}],"wp:attachment":[{"href":"https:\/\/zonaroja.com.mx\/index.php?rest_route=%2Fwp%2Fv2%2Fmedia&parent=60145"}],"wp:term":[{"taxonomy":"category","embeddable":true,"href":"https:\/\/zonaroja.com.mx\/index.php?rest_route=%2Fwp%2Fv2%2Fcategories&post=60145"},{"taxonomy":"post_tag","embeddable":true,"href":"https:\/\/zonaroja.com.mx\/index.php?rest_route=%2Fwp%2Fv2%2Ftags&post=60145"}],"curies":[{"name":"wp","href":"https:\/\/api.w.org\/{rel}","templated":true}]}}