{"id":60150,"date":"2023-09-22T13:30:00","date_gmt":"2023-09-22T18:30:00","guid":{"rendered":"http:\/\/www.zonaroja.com.mx\/?p=60150"},"modified":"2023-09-22T08:41:50","modified_gmt":"2023-09-22T13:41:50","slug":"imparten-especialistas-conferencias-magistrales-en-la-semana-de-la-mediacion","status":"publish","type":"post","link":"https:\/\/zonaroja.com.mx\/?p=60150","title":{"rendered":"Imparten especialistas conferencias\u00a0magistrales en la Semana de la Mediaci\u00f3n"},"content":{"rendered":"\n<p>Redacci\u00f3n\/Zona Roja.<\/p>\n\n\n\n<p>Oaxaca de Ju\u00e1rez, Oax., a 22 de septiembre de 2023.- \u201cLa justicia restaurativa es un movimiento&nbsp;de pacificaci\u00f3n social que nos permite como comunidad atender e involucrarnos en la reparaci\u00f3n de los da\u00f1os, trabajando en el camino del reconocimiento de la responsabilidad\u201d, coincidieron en se\u00f1alar especialistas que participaron&nbsp;como ponentes en la Semana de la Mediaci\u00f3n 2023, organizada por el Poder Judicial del Estado a trav\u00e9s del Centro de Justicia Alternativa.&nbsp;<\/p>\n\n\n\n<p>En los primeros tres d\u00edas de actividades&nbsp;se desarrollaron conferencias como las&nbsp;\u201cProspectivas del C\u00f3digo Nacional de Procedimientos Civiles y Familiares y los MASC\u201d,&nbsp;con la participaci\u00f3n de la magistrada&nbsp;Isabel Sep\u00falveda Monta\u00f1o,&nbsp;del Poder Judicial del Estado de Hidalgo,&nbsp;quien resalt\u00f3 que&nbsp;en este nuevo ordenamiento jur\u00eddico la mediaci\u00f3n es un aspecto clavepara abonar en la paz social que requiere el pa\u00eds.&nbsp;<\/p>\n\n\n\n<p>As\u00ed tambi\u00e9n,&nbsp;la maestra Claudia Villavicencio Guadarrama abord\u00f3 el&nbsp;tema&nbsp;\u201cJusticia Restaurativa Familiar, en el marco del Nuevo C\u00f3digo Nacional de Procedimientos Civiles y Familiares\u201d,&nbsp;y&nbsp;en la ponencia&nbsp;\u201cPersonas Adolescentes, Construcci\u00f3n de Identidad y Justicia Restaurativa\u201d,&nbsp;se cont\u00f3 con la&nbsp;participaci\u00f3n del maestro Alejandro Valle L\u00f3pez,&nbsp;psic\u00f3logo, terapeuta familiar y de pareja; mediador y especialista en justicia restaurativa.<\/p>\n\n\n\n<p>Por otra parte, la maestra Silvia&nbsp;Sallard&nbsp;L\u00f3pez, quien se ha&nbsp;especializado en Psicoterapia Familiar y en estudios sobre Mediaci\u00f3n Familiar y Resoluci\u00f3n de Conflictos, habl\u00f3 acerca de&nbsp;\u201cLa&nbsp;redefinici\u00f3n&nbsp;de los l\u00edmites en el Sistema Familiar despu\u00e9s de la pandemia\u201d; en tanto que la conferencia&nbsp;\u201cMediaci\u00f3n escolar\u201d,&nbsp;fue impartida por&nbsp;el maestro Juan Manuel Lobo Niembro,&nbsp;director de Alinea Centro de Mediaci\u00f3n y Resoluci\u00f3n de Controversias.<\/p>\n\n\n\n<p>Las actividades de la Semana de Mediaci\u00f3n 2023 continuaron&nbsp;los d\u00edas jueves y viernes&nbsp;con&nbsp;el desarrollo de&nbsp;diferentes talleres.&nbsp;<\/p>\n","protected":false},"excerpt":{"rendered":"<p>Redacci\u00f3n\/Zona Roja. Oaxaca de Ju\u00e1rez, Oax., a 22 de septiembre de 2023.- \u201cLa justicia restaurativa&hellip;<\/p>\n","protected":false},"author":2,"featured_media":60151,"comment_status":"closed","ping_status":"open","sticky":false,"template":"","format":"standard","meta":{"_lmt_disableupdate":"","_lmt_disable":"","_jetpack_memberships_contains_paid_content":false,"footnotes":""},"categories":[109,46],"tags":[223],"class_list":["post-60150","post","type-post","status-publish","format-standard","has-post-thumbnail","hentry","category-minuto-a-minuto","category-zona-blanca","tag-poder-judicial-de-oaxaca"],"jetpack_featured_media_url":"https:\/\/zonaroja.com.mx\/wp-content\/uploads\/2023\/09\/Se-desarrollaron-diferentes-conferencias-magistrales.jpg","jetpack_sharing_enabled":true,"_links":{"self":[{"href":"https:\/\/zonaroja.com.mx\/index.php?rest_route=\/wp\/v2\/posts\/60150","targetHints":{"allow":["GET"]}}],"collection":[{"href":"https:\/\/zonaroja.com.mx\/index.php?rest_route=\/wp\/v2\/posts"}],"about":[{"href":"https:\/\/zonaroja.com.mx\/index.php?rest_route=\/wp\/v2\/types\/post"}],"author":[{"embeddable":true,"href":"https:\/\/zonaroja.com.mx\/index.php?rest_route=\/wp\/v2\/users\/2"}],"replies":[{"embeddable":true,"href":"https:\/\/zonaroja.com.mx\/index.php?rest_route=%2Fwp%2Fv2%2Fcomments&post=60150"}],"version-history":[{"count":1,"href":"https:\/\/zonaroja.com.mx\/index.php?rest_route=\/wp\/v2\/posts\/60150\/revisions"}],"predecessor-version":[{"id":60152,"href":"https:\/\/zonaroja.com.mx\/index.php?rest_route=\/wp\/v2\/posts\/60150\/revisions\/60152"}],"wp:featuredmedia":[{"embeddable":true,"href":"https:\/\/zonaroja.com.mx\/index.php?rest_route=\/wp\/v2\/media\/60151"}],"wp:attachment":[{"href":"https:\/\/zonaroja.com.mx\/index.php?rest_route=%2Fwp%2Fv2%2Fmedia&parent=60150"}],"wp:term":[{"taxonomy":"category","embeddable":true,"href":"https:\/\/zonaroja.com.mx\/index.php?rest_route=%2Fwp%2Fv2%2Fcategories&post=60150"},{"taxonomy":"post_tag","embeddable":true,"href":"https:\/\/zonaroja.com.mx\/index.php?rest_route=%2Fwp%2Fv2%2Ftags&post=60150"}],"curies":[{"name":"wp","href":"https:\/\/api.w.org\/{rel}","templated":true}]}}