{"id":60161,"date":"2023-09-22T11:26:00","date_gmt":"2023-09-22T16:26:00","guid":{"rendered":"http:\/\/www.zonaroja.com.mx\/?p=60161"},"modified":"2023-09-22T09:28:12","modified_gmt":"2023-09-22T14:28:12","slug":"ine-ordena-a-amlo-colocar-mensaje-previo-a-mananeras-y-evitar-temas-electorales","status":"publish","type":"post","link":"https:\/\/zonaroja.com.mx\/?p=60161","title":{"rendered":"INE ordena a AMLO colocar mensaje previo a ma\u00f1aneras y evitar temas electorales"},"content":{"rendered":"\n<p>Redacci\u00f3n\/Zona Roja Cdmx.<\/p>\n\n\n\n<p>Ciudad de M\u00e9xico, a 22 de septiembre de 2023.- La Comisi\u00f3n de Quejas y Denuncias del Instituto Nacional Electoral (INE) determin\u00f3 este jueves implementar diversas medidas cautelares ante las recurrentes manifestaciones de \u00edndole pol\u00edtico o electoral por parte del presidente Andr\u00e9s Manuel L\u00f3pez Obrador durante sus conferencias matutinas.<\/p>\n\n\n\n<p>Entre las medidas impuestas, destac\u00f3 la orden para que al inicio de las llamadas \u00abma\u00f1aneras\u00bb del jefe del Ejecutivo, se publique un mensaje en el que se indiquen los l\u00edmites contenidos en el art\u00edculo 134 de la Constituci\u00f3n, en la que se mencionan los principios de \u00abimparcialidad y neutralidad que rigen el actuar de todos los servidores p\u00fablicos que acuden a estas conferencias\u00bb.<\/p>\n\n\n\n<p>En la sesi\u00f3n de este jueves, los consejeros que integran a la comisi\u00f3n tambi\u00e9n ordenaron a Presidencia que se retiren de sus plataformas oficiales los contenidos de las conferencias realizadas los d\u00edas 7, 8 y 13 de septiembre de 2023, como respuesta a la denuncia de la representante del Frente Amplio por M\u00e9xico, X\u00f3chitl G\u00e1lvez.<\/p>\n\n\n\n<p>En su reclamo, la senadora panista argumenta que los comentarios de L\u00f3pez Obrador durante dichas conferencias beneficia al partido Movimiento Regeneraci\u00f3n Nacional (Morena) y a la coordinadora nacional de la Defensa de la Cuarta Transformaci\u00f3n, Claudia Sheinbaum y, a su vez, \u00abperjudica\u00bb a G\u00e1lvez y a los partidos pol\u00edticos de oposici\u00f3n.<\/p>\n\n\n\n<p>Los consejeros que integran esta comisi\u00f3n advirtieron que algunas declaraciones realizadas en dichas conferencias matutinas por L\u00f3pez Obrador son de \u00abnaturaleza electoral\u201d.<\/p>\n\n\n\n<p>\u00abDel an\u00e1lisis preliminar a las frases y manifestaciones realizadas en su conjunto, se advierte que el titular del Ejecutivo federal hizo referencia expresa al proceso electoral federal 2023-2024 exponiendo de forma insistente la continuidad de lo que denomina &#8216;su movimiento o proyecto de transformaci\u00f3n'\u00bb, comentaron los consejeros de la Comisi\u00f3n de Quejas y Denuncias.<\/p>\n\n\n\n<p>Otra de las medidas cautelares planteada por la Comisi\u00f3n, \u00abbajo la vertiente de tutela preventiva\u00bb, pide que el presidente L\u00f3pez Obrador se abstenga, bajo cualquier modalidad o formato a emitir comentarios, opiniones o se\u00f1alamientos sobre temas electorales.<\/p>\n\n\n\n<p>(Informaci\u00f3n de \u201cEl Economista\u201d)<\/p>\n","protected":false},"excerpt":{"rendered":"<p>Redacci\u00f3n\/Zona Roja Cdmx. Ciudad de M\u00e9xico, a 22 de septiembre de 2023.- La Comisi\u00f3n de&hellip;<\/p>\n","protected":false},"author":2,"featured_media":60032,"comment_status":"closed","ping_status":"open","sticky":false,"template":"","format":"standard","meta":{"_lmt_disableupdate":"","_lmt_disable":"","_jetpack_memberships_contains_paid_content":false,"footnotes":""},"categories":[109,47],"tags":[143],"class_list":["post-60161","post","type-post","status-publish","format-standard","has-post-thumbnail","hentry","category-minuto-a-minuto","category-zona-gris","tag-andres-manuel-lopez-obrador"],"jetpack_featured_media_url":"https:\/\/zonaroja.com.mx\/wp-content\/uploads\/2023\/09\/Lopez-Obrador-AMLO.jpg","jetpack_sharing_enabled":true,"_links":{"self":[{"href":"https:\/\/zonaroja.com.mx\/index.php?rest_route=\/wp\/v2\/posts\/60161","targetHints":{"allow":["GET"]}}],"collection":[{"href":"https:\/\/zonaroja.com.mx\/index.php?rest_route=\/wp\/v2\/posts"}],"about":[{"href":"https:\/\/zonaroja.com.mx\/index.php?rest_route=\/wp\/v2\/types\/post"}],"author":[{"embeddable":true,"href":"https:\/\/zonaroja.com.mx\/index.php?rest_route=\/wp\/v2\/users\/2"}],"replies":[{"embeddable":true,"href":"https:\/\/zonaroja.com.mx\/index.php?rest_route=%2Fwp%2Fv2%2Fcomments&post=60161"}],"version-history":[{"count":1,"href":"https:\/\/zonaroja.com.mx\/index.php?rest_route=\/wp\/v2\/posts\/60161\/revisions"}],"predecessor-version":[{"id":60162,"href":"https:\/\/zonaroja.com.mx\/index.php?rest_route=\/wp\/v2\/posts\/60161\/revisions\/60162"}],"wp:featuredmedia":[{"embeddable":true,"href":"https:\/\/zonaroja.com.mx\/index.php?rest_route=\/wp\/v2\/media\/60032"}],"wp:attachment":[{"href":"https:\/\/zonaroja.com.mx\/index.php?rest_route=%2Fwp%2Fv2%2Fmedia&parent=60161"}],"wp:term":[{"taxonomy":"category","embeddable":true,"href":"https:\/\/zonaroja.com.mx\/index.php?rest_route=%2Fwp%2Fv2%2Fcategories&post=60161"},{"taxonomy":"post_tag","embeddable":true,"href":"https:\/\/zonaroja.com.mx\/index.php?rest_route=%2Fwp%2Fv2%2Ftags&post=60161"}],"curies":[{"name":"wp","href":"https:\/\/api.w.org\/{rel}","templated":true}]}}