{"id":60165,"date":"2023-09-22T14:43:04","date_gmt":"2023-09-22T19:43:04","guid":{"rendered":"http:\/\/www.zonaroja.com.mx\/?p=60165"},"modified":"2023-09-22T14:43:07","modified_gmt":"2023-09-22T19:43:07","slug":"por-fin-actua-policia-de-oaxaca-y-frena-desmanes-de-normalistas","status":"publish","type":"post","link":"https:\/\/zonaroja.com.mx\/?p=60165","title":{"rendered":"Por fin act\u00faa polic\u00eda de Oaxaca y frena desmanes de normalistas"},"content":{"rendered":"\n<p>Ismael Garc\u00eda M.\/Zona Roja. <\/p>\n\n\n\n<p>Oaxaca de Ju\u00e1rez, Oax., a 22 de septiembre de 2023.- Luego de tres d\u00edas de bloqueo por parte de normalistas en la calzada San Felipe, al norte de la ciudad de Oaxaca, as\u00ed como desmanes, entre ellos \u201ctoma\u201c de caseta de peaje y de camiones de pasajeros y de mercanc\u00edas, elementos de la Polic\u00eda Estatal de Oaxaca accionaron.<\/p>\n\n\n\n<p>Al menos una veintena de patrullas con elementos polic\u00edacos disolvieron un intento de bloqueo de supuestos estudiantes frente al Centro Regional de Educaci\u00f3n Normal de Oaxaca (CRENO), en la zona norte de la capital.<\/p>\n\n\n\n<p>Posteriormente, en la rotonda del Infonavit, cerca del llamado m\u00f3dulo azul, rescataron un cami\u00f3n de pasajeros del, que se hab\u00edan apoderado los normalistas.<\/p>\n\n\n\n<p>Al dirigirse al sur de la ciudad, en Heroico Colegio Militar casi esquina con Palmeras de la colonia Reforma, bajaron a los normalistas del autob\u00fas y los subieron a las patrullas.<\/p>\n\n\n\n<p>Fue ah\u00ed donde ocurri\u00f3 un zafarrancho, en que los uniformados arrojaron gases lacrim\u00f3genos, al tratar de oponer resistencia los detenidos.<\/p>\n\n\n\n<p>Tras se llevaron a al menos 30 estudiantes al cuartel ubicado en Santa Mar\u00eda Coyotepec. &nbsp;<\/p>\n\n\n\n<p>Previamente, a temprana hora, los normalistas se hab\u00edan apoderado al menos tres autobuses del transporte de pasajeros y con ellos se dirigieron a la caseta de peaje, Huitzo, de la supercarretera Oaxaca-M\u00e9xico.&nbsp;<\/p>\n\n\n\n<p>Ah\u00ed cobraron cuotas por al menos tres horas y tras la llegada de elementos de la Guardia Nacional, se retiraron.<\/p>\n\n\n\n<p>Pero volvieron al centro de la ciudad de Oaxaca con sus desmanes y &nbsp;se apoderaron de camiones de mercanc\u00edas, entre ellos uno de una refresquera.<\/p>\n\n\n\n<p>Fue entonces en que comenzaron a accionar los polic\u00edas.&nbsp;<\/p>\n\n\n\n<p>No obstante, hasta el momento no hay informaci\u00f3n oficial respecto a los operativos policiacos y el n\u00famero de detenidos, as\u00ed como su situaci\u00f3n jur\u00eddica.&nbsp;<\/p>\n","protected":false},"excerpt":{"rendered":"<p>Ismael Garc\u00eda M.\/Zona Roja. Oaxaca de Ju\u00e1rez, Oax., a 22 de septiembre de 2023.- Luego&hellip;<\/p>\n","protected":false},"author":2,"featured_media":60164,"comment_status":"closed","ping_status":"open","sticky":false,"template":"","format":"standard","meta":{"_lmt_disableupdate":"","_lmt_disable":"","_jetpack_memberships_contains_paid_content":false,"footnotes":""},"categories":[109,47],"tags":[],"class_list":["post-60165","post","type-post","status-publish","format-standard","has-post-thumbnail","hentry","category-minuto-a-minuto","category-zona-gris"],"jetpack_featured_media_url":"https:\/\/zonaroja.com.mx\/wp-content\/uploads\/2023\/09\/30ac419f-282a-483b-8f3c-76df8c6d4c72.jpg","jetpack_sharing_enabled":true,"_links":{"self":[{"href":"https:\/\/zonaroja.com.mx\/index.php?rest_route=\/wp\/v2\/posts\/60165","targetHints":{"allow":["GET"]}}],"collection":[{"href":"https:\/\/zonaroja.com.mx\/index.php?rest_route=\/wp\/v2\/posts"}],"about":[{"href":"https:\/\/zonaroja.com.mx\/index.php?rest_route=\/wp\/v2\/types\/post"}],"author":[{"embeddable":true,"href":"https:\/\/zonaroja.com.mx\/index.php?rest_route=\/wp\/v2\/users\/2"}],"replies":[{"embeddable":true,"href":"https:\/\/zonaroja.com.mx\/index.php?rest_route=%2Fwp%2Fv2%2Fcomments&post=60165"}],"version-history":[{"count":1,"href":"https:\/\/zonaroja.com.mx\/index.php?rest_route=\/wp\/v2\/posts\/60165\/revisions"}],"predecessor-version":[{"id":60166,"href":"https:\/\/zonaroja.com.mx\/index.php?rest_route=\/wp\/v2\/posts\/60165\/revisions\/60166"}],"wp:featuredmedia":[{"embeddable":true,"href":"https:\/\/zonaroja.com.mx\/index.php?rest_route=\/wp\/v2\/media\/60164"}],"wp:attachment":[{"href":"https:\/\/zonaroja.com.mx\/index.php?rest_route=%2Fwp%2Fv2%2Fmedia&parent=60165"}],"wp:term":[{"taxonomy":"category","embeddable":true,"href":"https:\/\/zonaroja.com.mx\/index.php?rest_route=%2Fwp%2Fv2%2Fcategories&post=60165"},{"taxonomy":"post_tag","embeddable":true,"href":"https:\/\/zonaroja.com.mx\/index.php?rest_route=%2Fwp%2Fv2%2Ftags&post=60165"}],"curies":[{"name":"wp","href":"https:\/\/api.w.org\/{rel}","templated":true}]}}