{"id":60168,"date":"2023-09-22T15:52:19","date_gmt":"2023-09-22T20:52:19","guid":{"rendered":"http:\/\/www.zonaroja.com.mx\/?p=60168"},"modified":"2023-09-22T15:52:24","modified_gmt":"2023-09-22T20:52:24","slug":"reacciona-la-seccion-22-del-snte-y-pide-la-liberacion-de-los-30-normalistas","status":"publish","type":"post","link":"https:\/\/zonaroja.com.mx\/?p=60168","title":{"rendered":"Reacciona la Secci\u00f3n 22 del SNTE y pide la liberaci\u00f3n de los 30 normalistas"},"content":{"rendered":"\n<p>Ismael Garc\u00eda M.\/Zona Roja.<\/p>\n\n\n\n<p>Oaxaca de Ju\u00e1rez, Oax., a 22 de septiembre de 2023.- La dirigencia de la Secci\u00f3n 22 del Sindicato Nacional de Trabajadores de la Educaci\u00f3n (SNTE) demand\u00f3 la liberaci\u00f3n de los 30 normalistas detenidos hoy por la Polic\u00eda Estatal.&nbsp;<\/p>\n\n\n\n<p>\u201cLas agresiones hacia el normalismo evidencian la criminalizaci\u00f3n y represi\u00f3n sistem\u00e1tica que el Estado impone hacia la lucha social para impedir la organizaci\u00f3n y la exigencia de sus demandas\u201d difundi\u00f3 en un comunicado, tras los operativos policiacos implementados en la capital oaxaque\u00f1a.&nbsp;<\/p>\n\n\n\n<p>Justific\u00f3 que los estudiantes del Centro Regional de Educaci\u00f3n Normal de Oaxaca (CRENO) \u201cmantienen una jornada de lucha por la exigencia de di\u00e1logo\u201d.<\/p>\n\n\n\n<p>Y rechaz\u00f3 que a pesar de varias denuncias que se han realizado sobre la lucha del normalismo, \u201cla Polic\u00eda Estatal de Oaxaca impida el derecho a la manifestaci\u00f3n y a la difusi\u00f3n de sus jornadas pol\u00edticas en la calles de Oaxaca\u201d.<\/p>\n\n\n\n<p>Por ello demand\u00f3 la liberaci\u00f3n de los 30 detenidos y el \u201ccese a los actos de represi\u00f3n e intimidaci\u00f3n en contra de la libre manifestaci\u00f3n que abanderan los estudiantes desde una lucha leg\u00edtima\u201d.<\/p>\n\n\n\n<p>Por su parte, los normalistas del CRENO emitieron tambi\u00e9n su propio comunicado y se\u00f1alaron que \u201cfueron reprimidos, atacados f\u00edsicamente y amenazados para posteriormente ser detenidos de manera violenta\u201d, en la colonia Reforma de la capital.&nbsp;<\/p>\n\n\n\n<p>\u201cLa base estudiantil de la Licenciatura en Educaci\u00f3n Primaria nos posicionamos en contra de las actitudes y acciones a las que fueron sometidos nuestros compa\u00f1eros por parte de los elementos policiacos\u201d, remarcaron, al responsabilizar a las autoridades \u201cpor los da\u00f1os f\u00edsicos y psicol\u00f3gicos de los compa\u00f1eros que fueron agredidos, adem\u00e1s de su integridad personal de cada uno de ellos durante las pr\u00f3ximas horas\u201d.<\/p>\n\n\n\n<p><\/p>\n","protected":false},"excerpt":{"rendered":"<p>Ismael Garc\u00eda M.\/Zona Roja. Oaxaca de Ju\u00e1rez, Oax., a 22 de septiembre de 2023.- La&hellip;<\/p>\n","protected":false},"author":2,"featured_media":60167,"comment_status":"closed","ping_status":"open","sticky":false,"template":"","format":"standard","meta":{"_lmt_disableupdate":"","_lmt_disable":"","_jetpack_memberships_contains_paid_content":false,"footnotes":""},"categories":[109,47],"tags":[],"class_list":["post-60168","post","type-post","status-publish","format-standard","has-post-thumbnail","hentry","category-minuto-a-minuto","category-zona-gris"],"jetpack_featured_media_url":"https:\/\/zonaroja.com.mx\/wp-content\/uploads\/2023\/09\/4c2225d1-37e4-4bde-baf2-21b5fc4189f2.jpg","jetpack_sharing_enabled":true,"_links":{"self":[{"href":"https:\/\/zonaroja.com.mx\/index.php?rest_route=\/wp\/v2\/posts\/60168","targetHints":{"allow":["GET"]}}],"collection":[{"href":"https:\/\/zonaroja.com.mx\/index.php?rest_route=\/wp\/v2\/posts"}],"about":[{"href":"https:\/\/zonaroja.com.mx\/index.php?rest_route=\/wp\/v2\/types\/post"}],"author":[{"embeddable":true,"href":"https:\/\/zonaroja.com.mx\/index.php?rest_route=\/wp\/v2\/users\/2"}],"replies":[{"embeddable":true,"href":"https:\/\/zonaroja.com.mx\/index.php?rest_route=%2Fwp%2Fv2%2Fcomments&post=60168"}],"version-history":[{"count":1,"href":"https:\/\/zonaroja.com.mx\/index.php?rest_route=\/wp\/v2\/posts\/60168\/revisions"}],"predecessor-version":[{"id":60169,"href":"https:\/\/zonaroja.com.mx\/index.php?rest_route=\/wp\/v2\/posts\/60168\/revisions\/60169"}],"wp:featuredmedia":[{"embeddable":true,"href":"https:\/\/zonaroja.com.mx\/index.php?rest_route=\/wp\/v2\/media\/60167"}],"wp:attachment":[{"href":"https:\/\/zonaroja.com.mx\/index.php?rest_route=%2Fwp%2Fv2%2Fmedia&parent=60168"}],"wp:term":[{"taxonomy":"category","embeddable":true,"href":"https:\/\/zonaroja.com.mx\/index.php?rest_route=%2Fwp%2Fv2%2Fcategories&post=60168"},{"taxonomy":"post_tag","embeddable":true,"href":"https:\/\/zonaroja.com.mx\/index.php?rest_route=%2Fwp%2Fv2%2Ftags&post=60168"}],"curies":[{"name":"wp","href":"https:\/\/api.w.org\/{rel}","templated":true}]}}