{"id":6017,"date":"2019-11-23T16:14:02","date_gmt":"2019-11-23T22:14:02","guid":{"rendered":"http:\/\/www.zonaroja.com.mx\/?p=6017"},"modified":"2019-11-23T16:15:23","modified_gmt":"2019-11-23T22:15:23","slug":"ejecutan-a-ex-policia-en-juchitan-mientras-gobernador-visitaba-municipio","status":"publish","type":"post","link":"https:\/\/zonaroja.com.mx\/?p=6017","title":{"rendered":"Ejecutan a ex polic\u00eda en Juchit\u00e1n, mientras gobernador visitaba municipio"},"content":{"rendered":"\n<p>Ismael Garc\u00eda M.\/Zona Roja.<\/p>\n\n\n\n<p>Oaxaca de Ju\u00e1rez, Oax., 23 de noviembre\nde 2019.- Un ex polic\u00eda municipal fue ejecutado a balazos este s\u00e1bado en la\nperiferia de Juchit\u00e1n de Zaragoza, mientras el gobernador Alejandro Murat\nHinojosa con funcionarios federales y municipales presid\u00edan un acto en el\ncentro de ese municipio istme\u00f1o.<\/p>\n\n\n\n<p>De acuerdo con informes policiacos y datos de la Vicefiscal\u00eda Regional del Istmo, el asesinato ocurri\u00f3 en el interior de la peluquer\u00eda denominada \u201cEl Brother\u201d, ubicada en la avenida Santos Degollado de la Octava Secci\u00f3n, conocida como Cheguigo.<\/p>\n\n\n\n<figure class=\"wp-block-embed-twitter wp-block-embed is-type-rich is-provider-twitter\"><div class=\"wp-block-embed__wrapper\">\n<div class=\"twitter-tweet\"><blockquote class=\"twitter-tweet\" data-lang=\"es\"><p lang=\"es\" dir=\"ltr\"><a href=\"https:\/\/twitter.com\/hashtag\/OaxacaRojo?src=hash&amp;ref_src=twsrc%5Etfw\">#OaxacaRojo<\/a><br>Mientras el gobernador <a href=\"https:\/\/twitter.com\/alejandromurat?ref_src=twsrc%5Etfw\">@alejandromurat<\/a> preside un acto con autoridades federales y municipales en el centro de Juchit\u00e1n de Zaragoza, en la Octava Secci\u00f3n de ese municipio ejecutan a balazos a un ex polic\u00eda, en el interior de una peluquer\u00eda. <br>Video de <a href=\"https:\/\/twitter.com\/CortamortajaMx?ref_src=twsrc%5Etfw\">@CortamortajaMx<\/a>. <a href=\"https:\/\/t.co\/T3Uvsiohui\">pic.twitter.com\/T3Uvsiohui<\/a><\/p>&mdash; Zona Roja Oaxaca (@MexRoja) <a href=\"https:\/\/twitter.com\/MexRoja\/status\/1198343346013528071?ref_src=twsrc%5Etfw\">23 de noviembre de 2019<\/a><\/blockquote><\/div>\n<\/div><\/figure>\n\n\n\n<p>Un sujeto ingres\u00f3 al establecimiento\nmomentos en que el hoy occiso se cortaba el pelo y dispar\u00f3 su arma de fuego,\npara de inmediato darse a la fuga.<\/p>\n\n\n\n<p>La v\u00edctima fue identificada de manera\npreliminar como Alberto N., quien recientemente dej\u00f3 las filas de la\ncorporaci\u00f3n municipal.<\/p>\n\n\n\n<p>Elementos policiacos y de la Vicefiscal\u00eda Regional arribaron al lugar y acordonaron el sitio para preservar las evidencias e iniciar las investigaciones; sin embargo, los familiares levaron el cuerpo y se lo llevaron en el mototaxi del sitio \u201c21 de Marzo\u201d, con n\u00famero 15.<\/p>\n\n\n\n<figure class=\"wp-block-embed-twitter wp-block-embed is-type-rich is-provider-twitter\"><div class=\"wp-block-embed__wrapper\">\n<div class=\"twitter-tweet\"><blockquote class=\"twitter-tweet\" data-lang=\"es\"><p lang=\"es\" dir=\"ltr\"><a href=\"https:\/\/twitter.com\/hashtag\/OaxacaRojo?src=hash&amp;ref_src=twsrc%5Etfw\">#OaxacaRojo<\/a><br>A la vista de la autoridad policiaca y ministerial, familiares del ex polic\u00eda municipal ejecutado hoy en una peluquer\u00eda de la Octava Secci\u00f3n de Juchit\u00e1n de Zaragoza, se llevan el cuerpo en un mototaxi. <br>Video de <a href=\"https:\/\/twitter.com\/50_Bravo?ref_src=twsrc%5Etfw\">@50_Bravo<\/a> <a href=\"https:\/\/t.co\/gotMY2FtFd\">pic.twitter.com\/gotMY2FtFd<\/a><\/p>&mdash; Zona Roja Oaxaca (@MexRoja) <a href=\"https:\/\/twitter.com\/MexRoja\/status\/1198353625677996032?ref_src=twsrc%5Etfw\">23 de noviembre de 2019<\/a><\/blockquote><\/div>\n<\/div><\/figure>\n\n\n\n<p>Mientras tanto, en el centro de\nJuchit\u00e1n, el gobernador Alejandro Murat y funcionarios del Instituto Nacional\nde Antropolog\u00eda e Historia, as\u00ed como municipales presididos por el edil Emilio\nMontero P\u00e9rez, encabezaron hoy el inicio de los trabajos de reconstrucci\u00f3n del\npalacio municipal y la Casa de la Cultura, da\u00f1ados por los sismos de septiembre\nde 2017.<\/p>\n","protected":false},"excerpt":{"rendered":"<p>Ismael Garc\u00eda M.\/Zona Roja. Oaxaca de Ju\u00e1rez, Oax., 23 de noviembre de 2019.- Un ex&hellip;<\/p>\n","protected":false},"author":2,"featured_media":6018,"comment_status":"closed","ping_status":"open","sticky":false,"template":"","format":"standard","meta":{"_lmt_disableupdate":"","_lmt_disable":"","_jetpack_memberships_contains_paid_content":false,"footnotes":""},"categories":[109,51],"tags":[123],"class_list":["post-6017","post","type-post","status-publish","format-standard","has-post-thumbnail","hentry","category-minuto-a-minuto","category-zona-roja","tag-juchitan-de-zaragoza"],"jetpack_featured_media_url":"https:\/\/zonaroja.com.mx\/wp-content\/uploads\/2019\/11\/PHOTO-2019-11-08-10-07-20-1.jpg","jetpack_sharing_enabled":true,"_links":{"self":[{"href":"https:\/\/zonaroja.com.mx\/index.php?rest_route=\/wp\/v2\/posts\/6017","targetHints":{"allow":["GET"]}}],"collection":[{"href":"https:\/\/zonaroja.com.mx\/index.php?rest_route=\/wp\/v2\/posts"}],"about":[{"href":"https:\/\/zonaroja.com.mx\/index.php?rest_route=\/wp\/v2\/types\/post"}],"author":[{"embeddable":true,"href":"https:\/\/zonaroja.com.mx\/index.php?rest_route=\/wp\/v2\/users\/2"}],"replies":[{"embeddable":true,"href":"https:\/\/zonaroja.com.mx\/index.php?rest_route=%2Fwp%2Fv2%2Fcomments&post=6017"}],"version-history":[{"count":2,"href":"https:\/\/zonaroja.com.mx\/index.php?rest_route=\/wp\/v2\/posts\/6017\/revisions"}],"predecessor-version":[{"id":6020,"href":"https:\/\/zonaroja.com.mx\/index.php?rest_route=\/wp\/v2\/posts\/6017\/revisions\/6020"}],"wp:featuredmedia":[{"embeddable":true,"href":"https:\/\/zonaroja.com.mx\/index.php?rest_route=\/wp\/v2\/media\/6018"}],"wp:attachment":[{"href":"https:\/\/zonaroja.com.mx\/index.php?rest_route=%2Fwp%2Fv2%2Fmedia&parent=6017"}],"wp:term":[{"taxonomy":"category","embeddable":true,"href":"https:\/\/zonaroja.com.mx\/index.php?rest_route=%2Fwp%2Fv2%2Fcategories&post=6017"},{"taxonomy":"post_tag","embeddable":true,"href":"https:\/\/zonaroja.com.mx\/index.php?rest_route=%2Fwp%2Fv2%2Ftags&post=6017"}],"curies":[{"name":"wp","href":"https:\/\/api.w.org\/{rel}","templated":true}]}}